{"id":15103,"date":"2026-04-30T17:27:04","date_gmt":"2026-04-30T14:27:04","guid":{"rendered":"https:\/\/taskopru.bel.tr\/v1\/?p=15103"},"modified":"2026-04-30T17:27:04","modified_gmt":"2026-04-30T14:27:04","slug":"tum-halkimiz-davetlidir","status":"publish","type":"post","link":"https:\/\/taskopru.bel.tr\/v1\/2026\/04\/30\/tum-halkimiz-davetlidir\/","title":{"rendered":"T\u00fcm Halk\u0131m\u0131z Davetlidir"},"content":{"rendered":"<p>&nbsp;<\/p>\n<p>Cumartesi g\u00fcn\u00fc, 31. Uluslararas\u0131 \u015eeyh \u015eaban-\u0131 Veli ve Kastamonu Evliyalar\u0131 Anma Haftas\u0131 kapsam\u0131nda Ta\u015fk\u00f6pr\u00fc\u2019m\u00fczde g\u00f6n\u00fclleri bulu\u015fturacak anlaml\u0131 bir program ger\u00e7ekle\u015ftirece\u011fiz.<\/p>\n<p>Saat 13.30\u2019da \u015eeyh H\u00fcsamettin Hazretleri Tekke T\u00fcrbesi \u00f6n\u00fcnde icra etmeyi planlad\u0131\u011f\u0131m\u0131z program\u0131m\u0131z, olas\u0131 ya\u011f\u0131\u015f durumunda Cemile Alp Camii\u2019nde devam edecektir.<\/p>\n<p>Bu manevi iklimi birlikte ya\u015famak \u00fczere t\u00fcm hem\u015fehrilerimizi davet ediyorum.<\/p>\n<p>H\u00fcseyin ARSLAN<br \/>\nTa\u015fk\u00f6pr\u00fc Belediye Ba\u015fkan\u0131<\/p>\n<p>&nbsp;<\/p>\n<p><img decoding=\"async\" class=\"alignnone size-medium wp-image-15104 lazyload\" data-src=\"https:\/\/taskopru.bel.tr\/v1\/wp-content\/uploads\/2026\/04\/WhatsApp-Image-2026-04-30-at-17.14.23-267x300.jpeg\" alt=\"\" width=\"267\" height=\"300\" data-srcset=\"https:\/\/taskopru.bel.tr\/v1\/wp-content\/uploads\/2026\/04\/WhatsApp-Image-2026-04-30-at-17.14.23-267x300.jpeg 267w, https:\/\/taskopru.bel.tr\/v1\/wp-content\/uploads\/2026\/04\/WhatsApp-Image-2026-04-30-at-17.14.23-911x1024.jpeg 911w, https:\/\/taskopru.bel.tr\/v1\/wp-content\/uploads\/2026\/04\/WhatsApp-Image-2026-04-30-at-17.14.23-768x864.jpeg 768w, https:\/\/taskopru.bel.tr\/v1\/wp-content\/uploads\/2026\/04\/WhatsApp-Image-2026-04-30-at-17.14.23-1366x1536.jpeg 1366w, https:\/\/taskopru.bel.tr\/v1\/wp-content\/uploads\/2026\/04\/WhatsApp-Image-2026-04-30-at-17.14.23-968x1088.jpeg 968w, https:\/\/taskopru.bel.tr\/v1\/wp-content\/uploads\/2026\/04\/WhatsApp-Image-2026-04-30-at-17.14.23-636x715.jpeg 636w, https:\/\/taskopru.bel.tr\/v1\/wp-content\/uploads\/2026\/04\/WhatsApp-Image-2026-04-30-at-17.14.23-320x360.jpeg 320w, https:\/\/taskopru.bel.tr\/v1\/wp-content\/uploads\/2026\/04\/WhatsApp-Image-2026-04-30-at-17.14.23-239x269.jpeg 239w, https:\/\/taskopru.bel.tr\/v1\/wp-content\/uploads\/2026\/04\/WhatsApp-Image-2026-04-30-at-17.14.23.jpeg 1423w\" data-sizes=\"(max-width: 267px) 100vw, 267px\" src=\"data:image\/svg+xml;base64,PHN2ZyB3aWR0aD0iMSIgaGVpZ2h0PSIxIiB4bWxucz0iaHR0cDovL3d3dy53My5vcmcvMjAwMC9zdmciPjwvc3ZnPg==\" style=\"--smush-placeholder-width: 267px; --smush-placeholder-aspect-ratio: 267\/300;\" \/><\/p>\n","protected":false},"excerpt":{"rendered":"<p>&nbsp; Cumartesi g\u00fcn\u00fc, 31. Uluslararas\u0131 \u015eeyh \u015eaban-\u0131 Veli ve Kastamonu Evliyalar\u0131 Anma Haftas\u0131 kapsam\u0131nda Ta\u015fk\u00f6pr\u00fc\u2019m\u00fczde g\u00f6n\u00fclleri bulu\u015fturacak anlaml\u0131 bir program ger\u00e7ekle\u015ftirece\u011fiz. Saat 13.30\u2019da \u015eeyh H\u00fcsamettin Hazretleri Tekke T\u00fcrbesi \u00f6n\u00fcnde icra etmeyi planlad\u0131\u011f\u0131m\u0131z program\u0131m\u0131z, olas\u0131 ya\u011f\u0131\u015f durumunda Cemile Alp Camii\u2019nde devam edecektir. Bu manevi iklimi birlikte ya\u015famak \u00fczere t\u00fcm hem\u015fehrilerimizi davet ediyorum. H\u00fcseyin ARSLAN Ta\u015fk\u00f6pr\u00fc Belediye [&hellip;]<\/p>\n","protected":false},"author":4,"featured_media":15104,"comment_status":"closed","ping_status":"open","sticky":false,"template":"","format":"standard","meta":{"footnotes":""},"categories":[33,35,37],"tags":[],"class_list":{"0":"post-15103","1":"post","2":"type-post","3":"status-publish","4":"format-standard","5":"has-post-thumbnail","7":"category-duyurular","8":"category-etkinlikler","9":"category-guncel-haberler"},"_links":{"self":[{"href":"https:\/\/taskopru.bel.tr\/v1\/wp-json\/wp\/v2\/posts\/15103","targetHints":{"allow":["GET"]}}],"collection":[{"href":"https:\/\/taskopru.bel.tr\/v1\/wp-json\/wp\/v2\/posts"}],"about":[{"href":"https:\/\/taskopru.bel.tr\/v1\/wp-json\/wp\/v2\/types\/post"}],"author":[{"embeddable":true,"href":"https:\/\/taskopru.bel.tr\/v1\/wp-json\/wp\/v2\/users\/4"}],"replies":[{"embeddable":true,"href":"https:\/\/taskopru.bel.tr\/v1\/wp-json\/wp\/v2\/comments?post=15103"}],"version-history":[{"count":1,"href":"https:\/\/taskopru.bel.tr\/v1\/wp-json\/wp\/v2\/posts\/15103\/revisions"}],"predecessor-version":[{"id":15105,"href":"https:\/\/taskopru.bel.tr\/v1\/wp-json\/wp\/v2\/posts\/15103\/revisions\/15105"}],"wp:featuredmedia":[{"embeddable":true,"href":"https:\/\/taskopru.bel.tr\/v1\/wp-json\/wp\/v2\/media\/15104"}],"wp:attachment":[{"href":"https:\/\/taskopru.bel.tr\/v1\/wp-json\/wp\/v2\/media?parent=15103"}],"wp:term":[{"taxonomy":"category","embeddable":true,"href":"https:\/\/taskopru.bel.tr\/v1\/wp-json\/wp\/v2\/categories?post=15103"},{"taxonomy":"post_tag","embeddable":true,"href":"https:\/\/taskopru.bel.tr\/v1\/wp-json\/wp\/v2\/tags?post=15103"}],"curies":[{"name":"wp","href":"https:\/\/api.w.org\/{rel}","templated":true}]}}