{"id":14895,"date":"2026-03-24T16:49:24","date_gmt":"2026-03-24T13:49:24","guid":{"rendered":"https:\/\/taskopru.bel.tr\/v1\/?p=14895"},"modified":"2026-03-24T16:49:24","modified_gmt":"2026-03-24T13:49:24","slug":"ulusal-staj-programi","status":"publish","type":"post","link":"https:\/\/taskopru.bel.tr\/v1\/2026\/03\/24\/ulusal-staj-programi\/","title":{"rendered":"Ulusal Staj Program\u0131"},"content":{"rendered":"<p>&nbsp;<\/p>\n<p>T.C. KASTAMONU VAL\u0130L\u0130\u011e\u0130<\/p>\n<p>\u0130l Yaz\u0131 \u0130\u015fleri M\u00fcd\u00fcrl\u00fc\u011f\u00fc<\/p>\n<p>&nbsp;<\/p>\n<p>DA\u011eITIMLI<\/p>\n<p>Say\u0131\u00a0\u00a0\u00a0\u00a0 : E-89650301\u00ad900\u00ad62415\u00a0\u00a0\u00a0\u00a0\u00a0\u00a0\u00a0\u00a0\u00a0\u00a0\u00a0\u00a0\u00a0\u00a0\u00a0\u00a0\u00a0\u00a0\u00a0\u00a0\u00a0\u00a0\u00a0\u00a0\u00a0\u00a0\u00a0\u00a0\u00a0\u00a0\u00a0\u00a0\u00a0\u00a0\u00a0\u00a0\u00a0\u00a0\u00a0\u00a0\u00a0\u00a0\u00a0\u00a0\u00a0\u00a0\u00a0\u00a0\u00a0\u00a0\u00a0\u00a0\u00a0\u00a0\u00a0\u00a0\u00a0\u00a0\u00a0\u00a0\u00a0\u00a0\u00a0\u00a0\u00a0\u00a0\u00a0\u00a0\u00a0\u00a0\u00a0\u00a0\u00a0\u00a0 19.03.2026<\/p>\n<p>Konu\u00a0 : Ulusal Staj Program\u0131<\/p>\n<p>&nbsp;<\/p>\n<p>&nbsp;<\/p>\n<p>&nbsp;<\/p>\n<p>DA\u011eITIM YERLER\u0130NE<\/p>\n<p>&nbsp;<\/p>\n<p>&nbsp;<\/p>\n<p>\u0130lgi : a) \u0130\u00e7i\u015fleri Bakanl\u0131\u011f\u0131 Plan Y\u00f6netim ve E\u011fitim \u015eube M\u00fcd\u00fcrl\u00fc\u011f\u00fcn\u00fcn 06.02.2026 tarihli ve 38045132-000\/108139 say\u0131l\u0131 yaz\u0131s\u0131.<\/p>\n<ol start=\"10\">\n<li>02.2026 tarihli ve 89650301-900\u00ad61108 say\u0131l\u0131 yaz\u0131m\u0131z.<\/li>\n<li>\u0130\u00e7i\u015fleri Bakanl\u0131\u011f\u0131 Plan Y\u00f6netim ve E\u011fitim \u015eube M\u00fcd\u00fcrl\u00fc\u011f\u00fcn\u00fcn 18.03.2026 tarihli ve 38045132-000\/110311 say\u0131l\u0131 yaz\u0131s\u0131.<\/li>\n<\/ol>\n<p>&nbsp;<\/p>\n<p>&nbsp;<\/p>\n<p>&nbsp;<\/p>\n<p>Cumhurba\u015fkanl\u0131\u011f\u0131 taraf\u0131ndan \u00fcniversite \u00f6\u011frencilerine y\u00f6nelik ba\u015flat\u0131lan \u201cUlusal Staj Program\u0131&#8221;n\u0131n 2026 y\u0131l\u0131 itibar\u0131yla Cumhurba\u015fkanl\u0131\u011f\u0131 Himayelerinde T\u00fcrkiye \u0130\u015f Kurumu Genel M\u00fcd\u00fcrl\u00fc\u011f\u00fc (\u0130\u015eKUR) taraf\u0131ndan y\u00fcr\u00fct\u00fclece\u011fine ve\u00a0\u00a0\u00a0\u00a0\u00a0\u00a0\u00a0\u00a0\u00a0\u00a0\u00a0\u00a0\u00a0\u00a0\u00a0\u00a0\u00a0\u00a0\u00a0\u00a0\u00a0\u00a0\u00a0\u00a0\u00a0\u00a0\u00a0\u00a0\u00a0\u00a0\u00a0\u00a0\u00a0\u00a0\u00a0\u00a0\u00a0\u00a0\u00a0\u00a0\u00a0\u00a0\u00a0\u00a0\u00a0\u00a0\u00a0\u00a0\u00a0\u00a0\u00a0\u00a0\u00a0\u00a0 \u00fcniversite \u00f6\u011frencilerine y\u00f6nelik olarak ba\u015flat\u0131lan \u201cUlusal Staj Program\u0131&#8221;n\u0131n 06.01.2026 tarihinden itibaren <strong>ulusalstajprogrami.iskur.gov.tr adresi \u00fczerinden \u00f6\u011frencilerin ba\u015fvurular\u0131na a\u00e7\u0131lmas\u0131na ili\u015fkin ilgi (a) yaz\u0131 ve eki, ilgi (b) yaz\u0131m\u0131z ile g\u00f6nderilmi\u015fti.<\/strong><\/p>\n<p><strong>Konuya ili\u015fkin Bakanl\u0131\u011f\u0131m\u0131zdan al\u0131nan ilgi (c) yaz\u0131 ile p<\/strong><strong>rograma g\u00f6sterilen yo\u011fun ilgi ve gelen talepler do\u011frultusunda, son ba\u015fvuru s\u00fcresi olan 16 Mart 2026 tarihinin 31 Mart 2026 saat 23:59&#8217;a <\/strong>kadar uzat\u0131ld\u0131\u011f\u0131 bildirilmi\u015ftir.<\/p>\n<p>Bilgi ve gere\u011fi ile an\u0131lan staj program\u0131ndan daha fazla \u00f6\u011frencinin yararlanabilmesi i\u00e7in ba\u015fvuru biti\u015f tarihinin (ulusalstajprogrami.iskur.gov.tr) Kaymakaml\u0131\u011f\u0131n\u0131z\/ Kurumunuz\/ M\u00fcd\u00fcrl\u00fc\u011f\u00fcn\u00fcz resmi internet adresi \u00fczerinden duyurulmas\u0131n\u0131 \u00f6nemle rica ederim.<\/p>\n<p>&nbsp;<\/p>\n<p>&nbsp;<\/p>\n<p>&nbsp;<\/p>\n<p>&nbsp;<\/p>\n<p>&nbsp;<\/p>\n<p>&nbsp;<\/p>\n<p>Ahmet ATILKAN Vali a.<\/p>\n<p>Vali Yard\u0131mc\u0131s\u0131<\/p>\n<p>&nbsp;<\/p>\n<p>&nbsp;<\/p>\n","protected":false},"excerpt":{"rendered":"<p>&nbsp; T.C. KASTAMONU VAL\u0130L\u0130\u011e\u0130 \u0130l Yaz\u0131 \u0130\u015fleri M\u00fcd\u00fcrl\u00fc\u011f\u00fc &nbsp; DA\u011eITIMLI Say\u0131\u00a0\u00a0\u00a0\u00a0 : E-89650301\u00ad900\u00ad62415\u00a0\u00a0\u00a0\u00a0\u00a0\u00a0\u00a0\u00a0\u00a0\u00a0\u00a0\u00a0\u00a0\u00a0\u00a0\u00a0\u00a0\u00a0\u00a0\u00a0\u00a0\u00a0\u00a0\u00a0\u00a0\u00a0\u00a0\u00a0\u00a0\u00a0\u00a0\u00a0\u00a0\u00a0\u00a0\u00a0\u00a0\u00a0\u00a0\u00a0\u00a0\u00a0\u00a0\u00a0\u00a0\u00a0\u00a0\u00a0\u00a0\u00a0\u00a0\u00a0\u00a0\u00a0\u00a0\u00a0\u00a0\u00a0\u00a0\u00a0\u00a0\u00a0\u00a0\u00a0\u00a0\u00a0\u00a0\u00a0\u00a0\u00a0\u00a0\u00a0\u00a0\u00a0 19.03.2026 Konu\u00a0 : Ulusal Staj Program\u0131 &nbsp; &nbsp; &nbsp; DA\u011eITIM YERLER\u0130NE &nbsp; &nbsp; \u0130lgi : a) \u0130\u00e7i\u015fleri Bakanl\u0131\u011f\u0131 Plan Y\u00f6netim ve E\u011fitim \u015eube M\u00fcd\u00fcrl\u00fc\u011f\u00fcn\u00fcn 06.02.2026 tarihli ve 38045132-000\/108139 say\u0131l\u0131 yaz\u0131s\u0131. 02.2026 tarihli ve 89650301-900\u00ad61108 say\u0131l\u0131 yaz\u0131m\u0131z. \u0130\u00e7i\u015fleri Bakanl\u0131\u011f\u0131 Plan Y\u00f6netim ve E\u011fitim [&hellip;]<\/p>\n","protected":false},"author":4,"featured_media":0,"comment_status":"closed","ping_status":"open","sticky":false,"template":"","format":"standard","meta":{"footnotes":""},"categories":[33],"tags":[],"class_list":{"0":"post-14895","1":"post","2":"type-post","3":"status-publish","4":"format-standard","6":"category-duyurular"},"_links":{"self":[{"href":"https:\/\/taskopru.bel.tr\/v1\/wp-json\/wp\/v2\/posts\/14895","targetHints":{"allow":["GET"]}}],"collection":[{"href":"https:\/\/taskopru.bel.tr\/v1\/wp-json\/wp\/v2\/posts"}],"about":[{"href":"https:\/\/taskopru.bel.tr\/v1\/wp-json\/wp\/v2\/types\/post"}],"author":[{"embeddable":true,"href":"https:\/\/taskopru.bel.tr\/v1\/wp-json\/wp\/v2\/users\/4"}],"replies":[{"embeddable":true,"href":"https:\/\/taskopru.bel.tr\/v1\/wp-json\/wp\/v2\/comments?post=14895"}],"version-history":[{"count":1,"href":"https:\/\/taskopru.bel.tr\/v1\/wp-json\/wp\/v2\/posts\/14895\/revisions"}],"predecessor-version":[{"id":14896,"href":"https:\/\/taskopru.bel.tr\/v1\/wp-json\/wp\/v2\/posts\/14895\/revisions\/14896"}],"wp:attachment":[{"href":"https:\/\/taskopru.bel.tr\/v1\/wp-json\/wp\/v2\/media?parent=14895"}],"wp:term":[{"taxonomy":"category","embeddable":true,"href":"https:\/\/taskopru.bel.tr\/v1\/wp-json\/wp\/v2\/categories?post=14895"},{"taxonomy":"post_tag","embeddable":true,"href":"https:\/\/taskopru.bel.tr\/v1\/wp-json\/wp\/v2\/tags?post=14895"}],"curies":[{"name":"wp","href":"https:\/\/api.w.org\/{rel}","templated":true}]}}