{"id":14695,"date":"2026-03-09T15:36:10","date_gmt":"2026-03-09T12:36:10","guid":{"rendered":"https:\/\/taskopru.bel.tr\/v1\/?p=14695"},"modified":"2026-03-09T15:36:10","modified_gmt":"2026-03-09T12:36:10","slug":"mart-ayi-olagan-meclis-toplantisi-karar-ozeti-4","status":"publish","type":"post","link":"https:\/\/taskopru.bel.tr\/v1\/2026\/03\/09\/mart-ayi-olagan-meclis-toplantisi-karar-ozeti-4\/","title":{"rendered":"MART AYI OLA\u011eAN MECL\u0130S TOPLANTISI  KARAR \u00d6ZET\u0130"},"content":{"rendered":"<p>&nbsp;<\/p>\n<p>T.C<\/p>\n<p>TA\u015eK\u00d6PR\u00dc BELED\u0130YE BA\u015eKANLI\u011eI<\/p>\n<p>MART AYI OLA\u011eAN MECL\u0130S TOPLANTISI<\/p>\n<p>KARAR \u00d6ZET\u0130<\/p>\n<p>&nbsp;<\/p>\n<p>&nbsp;<\/p>\n<p>KARAR TAR\u0130H\u0130 \u00a0\u00a0\u00a0\u00a0\u00a0 : 04.03.2026<\/p>\n<p>KARAR NO\u00a0\u00a0\u00a0\u00a0\u00a0\u00a0\u00a0\u00a0\u00a0\u00a0\u00a0\u00a0\u00a0\u00a0 : 20<\/p>\n<p>&nbsp;<\/p>\n<table width=\"0\">\n<tbody>\n<tr>\n<td width=\"137\">&nbsp;<\/p>\n<table>\n<tbody>\n<tr>\n<td width=\"128\">Belediye Meclisini<\/p>\n<p>Te\u015fkil\u00a0 Edenlerin Ad\u0131 Soyad\u0131<\/td>\n<\/tr>\n<\/tbody>\n<\/table>\n<\/td>\n<td width=\"558\"><strong>\u00a0<\/strong><\/p>\n<p><strong>Meclis Ba\u015fkan\u0131 :<\/strong> H\u00fcseyin ARSLAN<\/p>\n<p><strong>Meclis \u00dcyeleri : <\/strong>Mehmet Emin DANA, \u015eahin AKDA\u011e, Refika \u00c7INAR Necati \u015eEN, Halim G\u00dcNAY, Cemal \u015eERMET, \u0130smail BERBER, Ali E\u015fref SEV\u0130M, Huriye BAYAR<\/p>\n<p><strong>Kat\u0131lmayanlar :<\/strong> \u00ad\u00ad Ahmet ALAY, Ali YAL\u00c7IN<\/td>\n<\/tr>\n<\/tbody>\n<\/table>\n<h1><\/h1>\n<p>Belediye Meclisinin 04.03.2026 tarihinde ger\u00e7ekle\u015fen toplant\u0131s\u0131nda a\u015fa\u011f\u0131daki hususlar g\u00f6r\u00fc\u015f\u00fclerek karara ba\u011flanm\u0131\u015ft\u0131r.<\/p>\n<p>&nbsp;<\/p>\n<ol>\n<li>(2026\/20) : Ta\u015fk\u00f6pr\u00fc Belediye Meclisimizin 03.12.2025 tarih ve 73 say\u0131l\u0131 karar\u0131 ile onaylanan Ta\u015fk\u00f6pr\u00fc Revizyon \u0130lave 1 \/1000 Uygulama imar Plan\u0131 ve 1 \/5000 Naz\u0131m \u0130mar planlar\u0131 10.12.2025 ile 10.01.2026 tarihleri aras\u0131nda ask\u0131ya \u00e7\u0131kar\u0131lm\u0131\u015f olup, ask\u0131 ilan s\u00fcresinde imar planlar\u0131na 16 adet dilek\u00e7e ile itiraz edilmi\u015ftir. Belediye Meclisimizin 04.02.2026 tarih ve 19 say\u0131l\u0131 karar\u0131 ile Meclisimize sunulan 16 adet imar plan\u0131na itiraz dilek\u00e7elerinin gerekli inceleme yap\u0131larak haz\u0131rlanacak komisyon raporunun Belediye Meclisimize sunulmak \u00fczere \u0130mar Komisyonuna havale edilen itiraz dilek\u00e7eleri ile ilgili\u00a0 Belediyemiz \u0130mar Komisyonu taraf\u0131ndan haz\u0131rlanarak 09.02.2026 tarih ve 5 say\u0131l\u0131 \u0130mar komisyon raporu Belediye Meclisimize sunulmu\u015ftur.<\/li>\n<\/ol>\n<p>Belediye Meclisimize sunulan imar planlar\u0131na itiraz dilek\u00e7eleri ve \u0130mar Komisyon raporu m\u00fczakere edilerek yap\u0131lan de\u011ferlendirme neticesinde,<\/p>\n<p>Ta\u015fk\u00f6pr\u00fc Revizyon\u00a0 \u0130lave 1 \/1000 \u00a0Uygulama imar Plan\u0131 ve 1 \/5000 Naz\u0131m \u0130mar planlar\u0131na yap\u0131lan itirazlar ile ilgili Meclisimize sunulan\u00a0 09.02.2026 tarih ve 5 say\u0131l\u0131 \u0130mar Komisyon raporunun aynen kabul\u00fcne yap\u0131lan a\u00e7\u0131k oylama sonucu oy \u00e7oklu\u011fu ile karar verildi.<\/p>\n<p>&nbsp;<\/p>\n<p>&nbsp;<\/p>\n<p>&nbsp;<\/p>\n<p>&nbsp;<\/p>\n<p>H\u00fcseyin ARSLAN\u00a0\u00a0\u00a0\u00a0\u00a0\u00a0\u00a0\u00a0\u00a0\u00a0\u00a0\u00a0\u00a0\u00a0\u00a0\u00a0\u00a0\u00a0\u00a0\u00a0\u00a0\u00a0\u00a0\u00a0\u00a0\u00a0\u00a0\u00a0\u00a0\u00a0\u00a0\u00a0\u00a0\u00a0\u00a0\u00a0\u00a0\u00a0\u00a0\u00a0 \u015eahin AKDA\u011e\u00a0\u00a0\u00a0\u00a0\u00a0\u00a0\u00a0\u00a0\u00a0\u00a0\u00a0\u00a0\u00a0\u00a0\u00a0\u00a0\u00a0\u00a0\u00a0\u00a0\u00a0\u00a0\u00a0\u00a0\u00a0\u00a0\u00a0\u00a0\u00a0\u00a0\u00a0\u00a0\u00a0\u00a0 Halim G\u00dcNAY<\/p>\n<p>Meclis Ba\u015fkan\u0131\u00a0\u00a0\u00a0\u00a0\u00a0\u00a0\u00a0\u00a0\u00a0\u00a0\u00a0\u00a0\u00a0\u00a0\u00a0\u00a0\u00a0\u00a0\u00a0\u00a0\u00a0\u00a0\u00a0\u00a0\u00a0\u00a0\u00a0\u00a0\u00a0\u00a0\u00a0\u00a0\u00a0 \u00a0\u00a0\u00a0\u00a0\u00a0\u00a0\u00a0\u00a0\u00a0\u00a0\u00a0 Meclis Katibi\u00a0\u00a0\u00a0\u00a0\u00a0\u00a0\u00a0\u00a0\u00a0\u00a0\u00a0\u00a0\u00a0\u00a0\u00a0\u00a0\u00a0\u00a0\u00a0\u00a0\u00a0\u00a0\u00a0 \u00a0\u00a0\u00a0\u00a0\u00a0\u00a0\u00a0\u00a0\u00a0\u00a0\u00a0 Meclis Katibi<\/p>\n<p>&nbsp;<\/p>\n<p>&nbsp;<\/p>\n","protected":false},"excerpt":{"rendered":"<p>&nbsp; T.C TA\u015eK\u00d6PR\u00dc BELED\u0130YE BA\u015eKANLI\u011eI MART AYI OLA\u011eAN MECL\u0130S TOPLANTISI KARAR \u00d6ZET\u0130 &nbsp; &nbsp; KARAR TAR\u0130H\u0130 \u00a0\u00a0\u00a0\u00a0\u00a0 : 04.03.2026 KARAR NO\u00a0\u00a0\u00a0\u00a0\u00a0\u00a0\u00a0\u00a0\u00a0\u00a0\u00a0\u00a0\u00a0\u00a0 : 20 &nbsp; &nbsp; Belediye Meclisini Te\u015fkil\u00a0 Edenlerin Ad\u0131 Soyad\u0131 \u00a0 Meclis Ba\u015fkan\u0131 : H\u00fcseyin ARSLAN Meclis \u00dcyeleri : Mehmet Emin DANA, \u015eahin AKDA\u011e, Refika \u00c7INAR Necati \u015eEN, Halim G\u00dcNAY, Cemal \u015eERMET, \u0130smail BERBER, [&hellip;]<\/p>\n","protected":false},"author":4,"featured_media":0,"comment_status":"closed","ping_status":"open","sticky":false,"template":"","format":"standard","meta":{"footnotes":""},"categories":[1],"tags":[],"class_list":{"0":"post-14695","1":"post","2":"type-post","3":"status-publish","4":"format-standard","6":"category-meclis-kararlari"},"_links":{"self":[{"href":"https:\/\/taskopru.bel.tr\/v1\/wp-json\/wp\/v2\/posts\/14695","targetHints":{"allow":["GET"]}}],"collection":[{"href":"https:\/\/taskopru.bel.tr\/v1\/wp-json\/wp\/v2\/posts"}],"about":[{"href":"https:\/\/taskopru.bel.tr\/v1\/wp-json\/wp\/v2\/types\/post"}],"author":[{"embeddable":true,"href":"https:\/\/taskopru.bel.tr\/v1\/wp-json\/wp\/v2\/users\/4"}],"replies":[{"embeddable":true,"href":"https:\/\/taskopru.bel.tr\/v1\/wp-json\/wp\/v2\/comments?post=14695"}],"version-history":[{"count":1,"href":"https:\/\/taskopru.bel.tr\/v1\/wp-json\/wp\/v2\/posts\/14695\/revisions"}],"predecessor-version":[{"id":14696,"href":"https:\/\/taskopru.bel.tr\/v1\/wp-json\/wp\/v2\/posts\/14695\/revisions\/14696"}],"wp:attachment":[{"href":"https:\/\/taskopru.bel.tr\/v1\/wp-json\/wp\/v2\/media?parent=14695"}],"wp:term":[{"taxonomy":"category","embeddable":true,"href":"https:\/\/taskopru.bel.tr\/v1\/wp-json\/wp\/v2\/categories?post=14695"},{"taxonomy":"post_tag","embeddable":true,"href":"https:\/\/taskopru.bel.tr\/v1\/wp-json\/wp\/v2\/tags?post=14695"}],"curies":[{"name":"wp","href":"https:\/\/api.w.org\/{rel}","templated":true}]}}