{"id":14692,"date":"2026-03-08T16:36:26","date_gmt":"2026-03-08T13:36:26","guid":{"rendered":"https:\/\/taskopru.bel.tr\/v1\/?p=14692"},"modified":"2026-03-08T16:36:26","modified_gmt":"2026-03-08T13:36:26","slug":"8-mart-dunya-kadinlar-gunu-kutlu-olsun","status":"publish","type":"post","link":"https:\/\/taskopru.bel.tr\/v1\/2026\/03\/08\/8-mart-dunya-kadinlar-gunu-kutlu-olsun\/","title":{"rendered":"8 Mart D\u00fcnya Kad\u0131nlar G\u00fcn\u00fc Kutlu Olsun"},"content":{"rendered":"<div class=\"html-div xdj266r x14z9mp xat24cr x1lziwak xexx8yu xyri2b x18d9i69 x1c1uobl\">\n<div class=\"html-div xdj266r x14z9mp xat24cr x1lziwak xexx8yu xyri2b x18d9i69 x1c1uobl\" dir=\"auto\">\n<div class=\"html-div xdj266r x14z9mp xat24cr x1lziwak xexx8yu xyri2b x18d9i69 x1c1uobl\" data-ad-rendering-role=\"story_message\">\n<div class=\"x1l90r2v x1iorvi4 x1g0dm76 xpdmqnj\" data-ad-comet-preview=\"message\" data-ad-preview=\"message\">\n<div class=\"x78zum5 xdt5ytf xz62fqu x16ldp7u\">\n<div class=\"xu06os2 x1ok221b\">\n<div class=\"html-div xdj266r x14z9mp xat24cr x1lziwak xexx8yu xyri2b x18d9i69 x1c1uobl\">\n<div class=\"xdj266r x14z9mp xat24cr x1lziwak x1vvkbs x126k92a\">\n<div dir=\"auto\">Kad\u0131n; hayat\u0131n en zarif g\u00fcc\u00fc, toplumun en sa\u011flam temelidir.<\/div>\n<div dir=\"auto\">Sevginin, sabr\u0131n ve fedak\u00e2rl\u0131\u011f\u0131n en g\u00fczel \u00f6rneklerini her g\u00fcn yeniden g\u00f6steren kad\u0131nlar\u0131m\u0131z; ailemizin, toplumumuzun ve gelece\u011fimizin en k\u0131ymetli mimarlar\u0131d\u0131r.<\/div>\n<\/div>\n<div class=\"x14z9mp xat24cr x1lziwak x1vvkbs xtlvy1s x126k92a\">\n<div dir=\"auto\">Att\u0131klar\u0131 her ad\u0131mda umut, dokunduklar\u0131 her hayatta iyilik b\u00fcy\u00fcten kad\u0131nlar\u0131m\u0131z; azimleri, emekleri ve y\u00fcreklerindeki sonsuz sevgiyle yar\u0131nlar\u0131m\u0131z\u0131 ayd\u0131nlatmaya devam ediyor.<\/div>\n<\/div>\n<div class=\"x14z9mp xat24cr x1lziwak x1vvkbs xtlvy1s x126k92a\">\n<div dir=\"auto\">Ba\u015fta \u015fehit ve gazilerimizin k\u0131ymetli anneleri ve e\u015fleri olmak \u00fczere, hayat\u0131m\u0131za de\u011fer katan t\u00fcm kad\u0131nlar\u0131m\u0131z\u0131n 8 Mart D\u00fcnya Kad\u0131nlar G\u00fcn\u00fc\u2019n\u00fc y\u00fcrekten kutluyor; sa\u011fl\u0131k, huzur ve ba\u015far\u0131larla dolu bir \u00f6m\u00fcr diliyorum.<\/div>\n<\/div>\n<div class=\"x14z9mp xat24cr x1lziwak x1vvkbs xtlvy1s x126k92a\">\n<div dir=\"auto\">\u0130yi ki vars\u0131n\u0131z<\/div>\n<\/div>\n<div class=\"x14z9mp xat24cr x1lziwak x1vvkbs xtlvy1s x126k92a\">\n<div dir=\"auto\"><\/div>\n<div dir=\"auto\"><\/div>\n<div dir=\"auto\">\u00a0 \u00a0 \u00a0H\u00fcseyin ARSLAN<\/div>\n<div dir=\"auto\">Ta\u015fk\u00f6pr\u00fc Belediye Ba\u015fkan\u0131<\/div>\n<\/div>\n<\/div>\n<\/div>\n<\/div>\n<\/div>\n<\/div>\n<\/div>\n<div class=\"html-div xdj266r x14z9mp xat24cr x1lziwak xexx8yu xyri2b x18d9i69 x1c1uobl x1n2onr6\">\n<div class=\"html-div xdj266r x14z9mp xat24cr x1lziwak xexx8yu xyri2b x18d9i69 x1c1uobl x1n2onr6\"><\/div>\n<div class=\"html-div xdj266r x14z9mp xat24cr x1lziwak xexx8yu xyri2b x18d9i69 x1c1uobl x6ikm8r x10wlt62\"><\/div>\n<\/div>\n<\/div>\n<div class=\"x8gbvx8 x80vd3b x1q0q8m5 xso031l x8cjs6t x13fuv20 x178xt8z x78zum5 x1q0g3np x1qughib xz9dl7a xpdmqnj xsag5q8 x1onr9mi\">\n<div class=\"x78zum5 x1q0g3np\">\n<div class=\"xwklpps x1xmf6yo xf159sx\"><\/div>\n<\/div>\n<\/div>\n<p>&nbsp;<\/p>\n<p>&nbsp;<\/p>\n<p>&nbsp;<\/p>\n<p><img decoding=\"async\" class=\"alignnone size-medium wp-image-14693 lazyload\" data-src=\"https:\/\/taskopru.bel.tr\/v1\/wp-content\/uploads\/2026\/03\/649259747_1350531370436536_3602755291075357644_n-240x300.jpg\" alt=\"\" width=\"240\" height=\"300\" data-srcset=\"https:\/\/taskopru.bel.tr\/v1\/wp-content\/uploads\/2026\/03\/649259747_1350531370436536_3602755291075357644_n-240x300.jpg 240w, https:\/\/taskopru.bel.tr\/v1\/wp-content\/uploads\/2026\/03\/649259747_1350531370436536_3602755291075357644_n-819x1024.jpg 819w, https:\/\/taskopru.bel.tr\/v1\/wp-content\/uploads\/2026\/03\/649259747_1350531370436536_3602755291075357644_n-768x960.jpg 768w, https:\/\/taskopru.bel.tr\/v1\/wp-content\/uploads\/2026\/03\/649259747_1350531370436536_3602755291075357644_n-1229x1536.jpg 1229w, https:\/\/taskopru.bel.tr\/v1\/wp-content\/uploads\/2026\/03\/649259747_1350531370436536_3602755291075357644_n-968x1210.jpg 968w, https:\/\/taskopru.bel.tr\/v1\/wp-content\/uploads\/2026\/03\/649259747_1350531370436536_3602755291075357644_n-636x795.jpg 636w, https:\/\/taskopru.bel.tr\/v1\/wp-content\/uploads\/2026\/03\/649259747_1350531370436536_3602755291075357644_n-320x400.jpg 320w, https:\/\/taskopru.bel.tr\/v1\/wp-content\/uploads\/2026\/03\/649259747_1350531370436536_3602755291075357644_n-239x299.jpg 239w, https:\/\/taskopru.bel.tr\/v1\/wp-content\/uploads\/2026\/03\/649259747_1350531370436536_3602755291075357644_n.jpg 1638w\" data-sizes=\"(max-width: 240px) 100vw, 240px\" src=\"data:image\/svg+xml;base64,PHN2ZyB3aWR0aD0iMSIgaGVpZ2h0PSIxIiB4bWxucz0iaHR0cDovL3d3dy53My5vcmcvMjAwMC9zdmciPjwvc3ZnPg==\" style=\"--smush-placeholder-width: 240px; --smush-placeholder-aspect-ratio: 240\/300;\" \/><\/p>\n","protected":false},"excerpt":{"rendered":"<p>Kad\u0131n; hayat\u0131n en zarif g\u00fcc\u00fc, toplumun en sa\u011flam temelidir. Sevginin, sabr\u0131n ve fedak\u00e2rl\u0131\u011f\u0131n en g\u00fczel \u00f6rneklerini her g\u00fcn yeniden g\u00f6steren kad\u0131nlar\u0131m\u0131z; ailemizin, toplumumuzun ve gelece\u011fimizin en k\u0131ymetli mimarlar\u0131d\u0131r. Att\u0131klar\u0131 her ad\u0131mda umut, dokunduklar\u0131 her hayatta iyilik b\u00fcy\u00fcten kad\u0131nlar\u0131m\u0131z; azimleri, emekleri ve y\u00fcreklerindeki sonsuz sevgiyle yar\u0131nlar\u0131m\u0131z\u0131 ayd\u0131nlatmaya devam ediyor. Ba\u015fta \u015fehit ve gazilerimizin k\u0131ymetli anneleri ve [&hellip;]<\/p>\n","protected":false},"author":4,"featured_media":14693,"comment_status":"closed","ping_status":"open","sticky":false,"template":"","format":"standard","meta":{"footnotes":""},"categories":[37],"tags":[],"class_list":{"0":"post-14692","1":"post","2":"type-post","3":"status-publish","4":"format-standard","5":"has-post-thumbnail","7":"category-guncel-haberler"},"_links":{"self":[{"href":"https:\/\/taskopru.bel.tr\/v1\/wp-json\/wp\/v2\/posts\/14692","targetHints":{"allow":["GET"]}}],"collection":[{"href":"https:\/\/taskopru.bel.tr\/v1\/wp-json\/wp\/v2\/posts"}],"about":[{"href":"https:\/\/taskopru.bel.tr\/v1\/wp-json\/wp\/v2\/types\/post"}],"author":[{"embeddable":true,"href":"https:\/\/taskopru.bel.tr\/v1\/wp-json\/wp\/v2\/users\/4"}],"replies":[{"embeddable":true,"href":"https:\/\/taskopru.bel.tr\/v1\/wp-json\/wp\/v2\/comments?post=14692"}],"version-history":[{"count":1,"href":"https:\/\/taskopru.bel.tr\/v1\/wp-json\/wp\/v2\/posts\/14692\/revisions"}],"predecessor-version":[{"id":14694,"href":"https:\/\/taskopru.bel.tr\/v1\/wp-json\/wp\/v2\/posts\/14692\/revisions\/14694"}],"wp:featuredmedia":[{"embeddable":true,"href":"https:\/\/taskopru.bel.tr\/v1\/wp-json\/wp\/v2\/media\/14693"}],"wp:attachment":[{"href":"https:\/\/taskopru.bel.tr\/v1\/wp-json\/wp\/v2\/media?parent=14692"}],"wp:term":[{"taxonomy":"category","embeddable":true,"href":"https:\/\/taskopru.bel.tr\/v1\/wp-json\/wp\/v2\/categories?post=14692"},{"taxonomy":"post_tag","embeddable":true,"href":"https:\/\/taskopru.bel.tr\/v1\/wp-json\/wp\/v2\/tags?post=14692"}],"curies":[{"name":"wp","href":"https:\/\/api.w.org\/{rel}","templated":true}]}}