{"id":14641,"date":"2026-02-24T17:04:20","date_gmt":"2026-02-24T14:04:20","guid":{"rendered":"https:\/\/taskopru.bel.tr\/v1\/?p=14641"},"modified":"2026-02-24T17:04:20","modified_gmt":"2026-02-24T14:04:20","slug":"belediye-personelimize-saglik-hizmetlerinde-%20-indirim","status":"publish","type":"post","link":"https:\/\/taskopru.bel.tr\/v1\/2026\/02\/24\/belediye-personelimize-saglik-hizmetlerinde-%20-indirim\/","title":{"rendered":"Belediye Personelimize Sa\u011fl\u0131k Hizmetlerinde %20 \u0130ndirim"},"content":{"rendered":"<div class=\"xdj266r x14z9mp xat24cr x1lziwak x1vvkbs x126k92a\">\n<div dir=\"auto\"><\/div>\n<div dir=\"auto\"><\/div>\n<div dir=\"auto\">Ta\u015fk\u00f6pr\u00fc Belediyemiz ile Kastamonu \u00d6zel Nefes Hastanesi aras\u0131nda imzalad\u0131\u011f\u0131m\u0131z protokol kapsam\u0131nda; belediyemizin g\u00f6rev yapan ve emekli personeli ile e\u015f ve \u00e7ocuklar\u0131, hastanenin sa\u011fl\u0131k hizmetlerinden 1 y\u0131l s\u00fcreyle %20 indirimli olarak faydalanabilecektir.<\/div>\n<\/div>\n<div class=\"x14z9mp xat24cr x1lziwak x1vvkbs xtlvy1s x126k92a\">\n<div dir=\"auto\">\u00c7al\u0131\u015fma arkada\u015flar\u0131m\u0131z\u0131n ve k\u0131ymetli ailelerinin sa\u011fl\u0131\u011f\u0131n\u0131 \u00f6nceleyen bu anlaml\u0131 i\u015f birli\u011finin hay\u0131rl\u0131 olmas\u0131n\u0131 diliyorum.<\/div>\n<\/div>\n<div class=\"x14z9mp xat24cr x1lziwak x1vvkbs xtlvy1s x126k92a\">\n<div dir=\"auto\">Ya\u015far \u00c7elik ve Sinan Alt\u0131kula\u00e7 ba\u015fta olmak \u00fczere, Kastamonu \u00d6zel Nefes Hastanesi y\u00f6netimine te\u015fekk\u00fcr ediyor; \u00e7al\u0131\u015fmalar\u0131nda kolayl\u0131klar diliyorum.<\/div>\n<\/div>\n<div class=\"x14z9mp xat24cr x1lziwak x1vvkbs xtlvy1s x126k92a\">\n<div dir=\"auto\">\u00a0 \u00a0 \u00a0H\u00fcseyin ARSLAN<\/div>\n<div dir=\"auto\">Ta\u015fk\u00f6pr\u00fc Belediye Ba\u015fkan\u0131<\/div>\n<\/div>\n<p>&nbsp;<\/p>\n<p>&nbsp;<\/p>\n<p><img decoding=\"async\" class=\"alignnone size-medium wp-image-14643 lazyload\" data-src=\"https:\/\/taskopru.bel.tr\/v1\/wp-content\/uploads\/2026\/02\/EQ2A6432-300x200.jpg\" alt=\"\" width=\"300\" height=\"200\" data-srcset=\"https:\/\/taskopru.bel.tr\/v1\/wp-content\/uploads\/2026\/02\/EQ2A6432-300x200.jpg 300w, https:\/\/taskopru.bel.tr\/v1\/wp-content\/uploads\/2026\/02\/EQ2A6432-1024x683.jpg 1024w, https:\/\/taskopru.bel.tr\/v1\/wp-content\/uploads\/2026\/02\/EQ2A6432-768x512.jpg 768w, https:\/\/taskopru.bel.tr\/v1\/wp-content\/uploads\/2026\/02\/EQ2A6432-1536x1024.jpg 1536w, https:\/\/taskopru.bel.tr\/v1\/wp-content\/uploads\/2026\/02\/EQ2A6432-2048x1365.jpg 2048w, https:\/\/taskopru.bel.tr\/v1\/wp-content\/uploads\/2026\/02\/EQ2A6432-968x645.jpg 968w, https:\/\/taskopru.bel.tr\/v1\/wp-content\/uploads\/2026\/02\/EQ2A6432-636x424.jpg 636w, https:\/\/taskopru.bel.tr\/v1\/wp-content\/uploads\/2026\/02\/EQ2A6432-320x213.jpg 320w, https:\/\/taskopru.bel.tr\/v1\/wp-content\/uploads\/2026\/02\/EQ2A6432-239x159.jpg 239w\" data-sizes=\"(max-width: 300px) 100vw, 300px\" src=\"data:image\/svg+xml;base64,PHN2ZyB3aWR0aD0iMSIgaGVpZ2h0PSIxIiB4bWxucz0iaHR0cDovL3d3dy53My5vcmcvMjAwMC9zdmciPjwvc3ZnPg==\" style=\"--smush-placeholder-width: 300px; --smush-placeholder-aspect-ratio: 300\/200;\" \/><\/p>\n","protected":false},"excerpt":{"rendered":"<p>Ta\u015fk\u00f6pr\u00fc Belediyemiz ile Kastamonu \u00d6zel Nefes Hastanesi aras\u0131nda imzalad\u0131\u011f\u0131m\u0131z protokol kapsam\u0131nda; belediyemizin g\u00f6rev yapan ve emekli personeli ile e\u015f ve \u00e7ocuklar\u0131, hastanenin sa\u011fl\u0131k hizmetlerinden 1 y\u0131l s\u00fcreyle %20 indirimli olarak faydalanabilecektir. \u00c7al\u0131\u015fma arkada\u015flar\u0131m\u0131z\u0131n ve k\u0131ymetli ailelerinin sa\u011fl\u0131\u011f\u0131n\u0131 \u00f6nceleyen bu anlaml\u0131 i\u015f birli\u011finin hay\u0131rl\u0131 olmas\u0131n\u0131 diliyorum. Ya\u015far \u00c7elik ve Sinan Alt\u0131kula\u00e7 ba\u015fta olmak \u00fczere, Kastamonu \u00d6zel [&hellip;]<\/p>\n","protected":false},"author":4,"featured_media":14642,"comment_status":"closed","ping_status":"open","sticky":false,"template":"","format":"standard","meta":{"footnotes":""},"categories":[33,37],"tags":[],"class_list":{"0":"post-14641","1":"post","2":"type-post","3":"status-publish","4":"format-standard","5":"has-post-thumbnail","7":"category-duyurular","8":"category-guncel-haberler"},"_links":{"self":[{"href":"https:\/\/taskopru.bel.tr\/v1\/wp-json\/wp\/v2\/posts\/14641","targetHints":{"allow":["GET"]}}],"collection":[{"href":"https:\/\/taskopru.bel.tr\/v1\/wp-json\/wp\/v2\/posts"}],"about":[{"href":"https:\/\/taskopru.bel.tr\/v1\/wp-json\/wp\/v2\/types\/post"}],"author":[{"embeddable":true,"href":"https:\/\/taskopru.bel.tr\/v1\/wp-json\/wp\/v2\/users\/4"}],"replies":[{"embeddable":true,"href":"https:\/\/taskopru.bel.tr\/v1\/wp-json\/wp\/v2\/comments?post=14641"}],"version-history":[{"count":1,"href":"https:\/\/taskopru.bel.tr\/v1\/wp-json\/wp\/v2\/posts\/14641\/revisions"}],"predecessor-version":[{"id":14644,"href":"https:\/\/taskopru.bel.tr\/v1\/wp-json\/wp\/v2\/posts\/14641\/revisions\/14644"}],"wp:featuredmedia":[{"embeddable":true,"href":"https:\/\/taskopru.bel.tr\/v1\/wp-json\/wp\/v2\/media\/14642"}],"wp:attachment":[{"href":"https:\/\/taskopru.bel.tr\/v1\/wp-json\/wp\/v2\/media?parent=14641"}],"wp:term":[{"taxonomy":"category","embeddable":true,"href":"https:\/\/taskopru.bel.tr\/v1\/wp-json\/wp\/v2\/categories?post=14641"},{"taxonomy":"post_tag","embeddable":true,"href":"https:\/\/taskopru.bel.tr\/v1\/wp-json\/wp\/v2\/tags?post=14641"}],"curies":[{"name":"wp","href":"https:\/\/api.w.org\/{rel}","templated":true}]}}