{"id":14631,"date":"2026-02-23T15:58:49","date_gmt":"2026-02-23T12:58:49","guid":{"rendered":"https:\/\/taskopru.bel.tr\/v1\/?p=14631"},"modified":"2026-02-23T15:58:49","modified_gmt":"2026-02-23T12:58:49","slug":"%f0%9f%93%8ceglence-kaldigi-yerden-devam-ediyor","status":"publish","type":"post","link":"https:\/\/taskopru.bel.tr\/v1\/2026\/02\/23\/%f0%9f%93%8ceglence-kaldigi-yerden-devam-ediyor\/","title":{"rendered":"\ud83d\udcccE\u011flence Kald\u0131\u011f\u0131 Yerden Devam Ediyor"},"content":{"rendered":"<p>Ramazan Etkinliklerimiz kapsam\u0131nda, 27 Mart Cuma g\u00fcn\u00fc Saat:20:30\u2019da Ta\u015fk\u00f6pr\u00fc A\u00e7\u0131k Hava D\u00fc\u011f\u00fcn salonunda e\u011flenceye kald\u0131\u011f\u0131m\u0131z yerden devam ediyoruz.<br \/>\n\u0130ll\u00fczyon g\u00f6sterileri, Hacivat-Karag\u00f6z, animasyon etkinlikleri ve \u00e7e\u015fitli ikramlarla dolu, bol kahkahal\u0131 bir ak\u015famda \u00e7ocuklar\u0131m\u0131z\u0131 ve k\u0131ymetli ailelerimizi bir arada g\u00f6rmekten b\u00fcy\u00fck mutluluk duyaca\u011f\u0131z.<\/p>\n<p>H\u00fcseyin ARSLAN<br \/>\nTa\u015fk\u00f6pr\u00fc Belediye Ba\u015fkan\u0131<\/p>\n<p>&nbsp;<\/p>\n<p>&nbsp;<\/p>\n<p>&nbsp;<\/p>\n<p><img decoding=\"async\" class=\"alignnone size-medium wp-image-14632 lazyload\" data-src=\"https:\/\/taskopru.bel.tr\/v1\/wp-content\/uploads\/2026\/02\/Ilizyon-Aksami-Post-1-240x300.png\" alt=\"\" width=\"240\" height=\"300\" data-srcset=\"https:\/\/taskopru.bel.tr\/v1\/wp-content\/uploads\/2026\/02\/Ilizyon-Aksami-Post-1-240x300.png 240w, https:\/\/taskopru.bel.tr\/v1\/wp-content\/uploads\/2026\/02\/Ilizyon-Aksami-Post-1-819x1024.png 819w, https:\/\/taskopru.bel.tr\/v1\/wp-content\/uploads\/2026\/02\/Ilizyon-Aksami-Post-1-768x960.png 768w, https:\/\/taskopru.bel.tr\/v1\/wp-content\/uploads\/2026\/02\/Ilizyon-Aksami-Post-1-1229x1536.png 1229w, https:\/\/taskopru.bel.tr\/v1\/wp-content\/uploads\/2026\/02\/Ilizyon-Aksami-Post-1-1638x2048.png 1638w, https:\/\/taskopru.bel.tr\/v1\/wp-content\/uploads\/2026\/02\/Ilizyon-Aksami-Post-1-968x1210.png 968w, https:\/\/taskopru.bel.tr\/v1\/wp-content\/uploads\/2026\/02\/Ilizyon-Aksami-Post-1-636x795.png 636w, https:\/\/taskopru.bel.tr\/v1\/wp-content\/uploads\/2026\/02\/Ilizyon-Aksami-Post-1-320x400.png 320w, https:\/\/taskopru.bel.tr\/v1\/wp-content\/uploads\/2026\/02\/Ilizyon-Aksami-Post-1-239x299.png 239w, https:\/\/taskopru.bel.tr\/v1\/wp-content\/uploads\/2026\/02\/Ilizyon-Aksami-Post-1-scaled.png 2048w\" data-sizes=\"(max-width: 240px) 100vw, 240px\" src=\"data:image\/svg+xml;base64,PHN2ZyB3aWR0aD0iMSIgaGVpZ2h0PSIxIiB4bWxucz0iaHR0cDovL3d3dy53My5vcmcvMjAwMC9zdmciPjwvc3ZnPg==\" style=\"--smush-placeholder-width: 240px; --smush-placeholder-aspect-ratio: 240\/300;\" \/><\/p>\n","protected":false},"excerpt":{"rendered":"<p>Ramazan Etkinliklerimiz kapsam\u0131nda, 27 Mart Cuma g\u00fcn\u00fc Saat:20:30\u2019da Ta\u015fk\u00f6pr\u00fc A\u00e7\u0131k Hava D\u00fc\u011f\u00fcn salonunda e\u011flenceye kald\u0131\u011f\u0131m\u0131z yerden devam ediyoruz. \u0130ll\u00fczyon g\u00f6sterileri, Hacivat-Karag\u00f6z, animasyon etkinlikleri ve \u00e7e\u015fitli ikramlarla dolu, bol kahkahal\u0131 bir ak\u015famda \u00e7ocuklar\u0131m\u0131z\u0131 ve k\u0131ymetli ailelerimizi bir arada g\u00f6rmekten b\u00fcy\u00fck mutluluk duyaca\u011f\u0131z. H\u00fcseyin ARSLAN Ta\u015fk\u00f6pr\u00fc Belediye Ba\u015fkan\u0131 &nbsp; &nbsp; &nbsp;<\/p>\n","protected":false},"author":4,"featured_media":14632,"comment_status":"closed","ping_status":"open","sticky":false,"template":"","format":"standard","meta":{"footnotes":""},"categories":[33,35],"tags":[],"class_list":{"0":"post-14631","1":"post","2":"type-post","3":"status-publish","4":"format-standard","5":"has-post-thumbnail","7":"category-duyurular","8":"category-etkinlikler"},"_links":{"self":[{"href":"https:\/\/taskopru.bel.tr\/v1\/wp-json\/wp\/v2\/posts\/14631","targetHints":{"allow":["GET"]}}],"collection":[{"href":"https:\/\/taskopru.bel.tr\/v1\/wp-json\/wp\/v2\/posts"}],"about":[{"href":"https:\/\/taskopru.bel.tr\/v1\/wp-json\/wp\/v2\/types\/post"}],"author":[{"embeddable":true,"href":"https:\/\/taskopru.bel.tr\/v1\/wp-json\/wp\/v2\/users\/4"}],"replies":[{"embeddable":true,"href":"https:\/\/taskopru.bel.tr\/v1\/wp-json\/wp\/v2\/comments?post=14631"}],"version-history":[{"count":1,"href":"https:\/\/taskopru.bel.tr\/v1\/wp-json\/wp\/v2\/posts\/14631\/revisions"}],"predecessor-version":[{"id":14633,"href":"https:\/\/taskopru.bel.tr\/v1\/wp-json\/wp\/v2\/posts\/14631\/revisions\/14633"}],"wp:featuredmedia":[{"embeddable":true,"href":"https:\/\/taskopru.bel.tr\/v1\/wp-json\/wp\/v2\/media\/14632"}],"wp:attachment":[{"href":"https:\/\/taskopru.bel.tr\/v1\/wp-json\/wp\/v2\/media?parent=14631"}],"wp:term":[{"taxonomy":"category","embeddable":true,"href":"https:\/\/taskopru.bel.tr\/v1\/wp-json\/wp\/v2\/categories?post=14631"},{"taxonomy":"post_tag","embeddable":true,"href":"https:\/\/taskopru.bel.tr\/v1\/wp-json\/wp\/v2\/tags?post=14631"}],"curies":[{"name":"wp","href":"https:\/\/api.w.org\/{rel}","templated":true}]}}