{"id":14551,"date":"2026-02-16T12:33:00","date_gmt":"2026-02-16T09:33:00","guid":{"rendered":"https:\/\/taskopru.bel.tr\/v1\/?p=14551"},"modified":"2026-02-16T12:33:00","modified_gmt":"2026-02-16T09:33:00","slug":"taskopru-belediyesi-iftar-cadirini-bu-yil-da-kapali-alanda-kuracak","status":"publish","type":"post","link":"https:\/\/taskopru.bel.tr\/v1\/2026\/02\/16\/taskopru-belediyesi-iftar-cadirini-bu-yil-da-kapali-alanda-kuracak\/","title":{"rendered":"Ta\u015fk\u00f6pr\u00fc Belediyesi \u0130ftar \u00c7ad\u0131r\u0131n\u0131 Bu Y\u0131l da Kapal\u0131 Alanda Kuracak"},"content":{"rendered":"<p>Ta\u015fk\u00f6pr\u00fc Belediyesi \u0130ftar \u00c7ad\u0131r\u0131n\u0131 Bu Y\u0131l da Kapal\u0131 Alanda Kuracak<\/p>\n<p>Kastamonu\u2019nun Ta\u015fk\u00f6pr\u00fc il\u00e7esinde, her y\u0131l Ramazan ay\u0131nda hay\u0131rseverlerin katk\u0131lar\u0131yla kurulan iftar \u00e7ad\u0131r\u0131 bu y\u0131l da vatanda\u015flar\u0131 ayn\u0131 sofrada bulu\u015fturacak. Ta\u015fk\u00f6pr\u00fc Belediyesi taraf\u0131ndan organize edilen iftar program\u0131, hava \u015fartlar\u0131 dolay\u0131s\u0131yla kapal\u0131 bir mek\u00e2nda ger\u00e7ekle\u015ftirilecek.<br \/>\n\u00d6nceki y\u0131llarda Cumhuriyet Meydan\u0131\u2019nda kurulan iftar \u00e7ad\u0131r\u0131, bu y\u0131l Ramazan ay\u0131n\u0131n manevi atmosferini daha s\u0131cak ve konforlu bir ortamda ya\u015fatmak amac\u0131yla Harmanc\u0131k Mahallesi Muzafferettin Gazi Caddesi\u2019nde (\u00d6zsoy S\u00fcr\u00fcc\u00fc Kursu kar\u015f\u0131s\u0131nda bulunan bir d\u00fckk\u00e2nda) hizmet verecek. B\u00f6ylece vatanda\u015flar, so\u011fuk hava ko\u015fullar\u0131ndan etkilenmeden huzur i\u00e7inde iftarlar\u0131n\u0131 a\u00e7abilecek.<br \/>\nA\u00e7\u0131klamada bulunan Ta\u015fk\u00f6pr\u00fc Belediye Ba\u015fkan\u0131 H\u00fcseyin Arslan, bir Ramazan ay\u0131na daha ula\u015fman\u0131n mutlulu\u011funu il\u00e7e halk\u0131 ve t\u00fcm \u0130slam \u00e2lemiyle birlikte ya\u015fad\u0131klar\u0131n\u0131 ifade etti.<br \/>\nArslan, her y\u0131l hay\u0131rsever vatanda\u015flar\u0131n destekleriyle kurulan iftar sofras\u0131n\u0131n bu y\u0131l da ayn\u0131 dayan\u0131\u015fma ruhuyla devam edece\u011fini belirterek, \u201cHava \u015fartlar\u0131 nedeniyle iftar program\u0131m\u0131z\u0131 kapal\u0131 alanda ger\u00e7ekle\u015ftirece\u011fiz. Ramazan ay\u0131 boyunca her g\u00fcn 300 vatanda\u015f\u0131m\u0131za iftar yeme\u011fi verece\u011fiz. Payla\u015fman\u0131n ve karde\u015fli\u011fin ay\u0131 olan Ramazan\u2019\u0131n il\u00e7emize, \u00fclkemize ve t\u00fcm \u0130slam \u00e2lemine hay\u0131rlar getirmesini diliyorum.\u201d dedi.<\/p>\n<p>&nbsp;<\/p>\n<p>&nbsp;<\/p>\n<p>&nbsp;<\/p>\n<p><img decoding=\"async\" class=\"alignnone size-medium wp-image-14552 lazyload\" data-src=\"https:\/\/taskopru.bel.tr\/v1\/wp-content\/uploads\/2026\/02\/WhatsApp-Image-2026-02-16-at-12.30.43-1-300x225.jpeg\" alt=\"\" width=\"300\" height=\"225\" data-srcset=\"https:\/\/taskopru.bel.tr\/v1\/wp-content\/uploads\/2026\/02\/WhatsApp-Image-2026-02-16-at-12.30.43-1-300x225.jpeg 300w, https:\/\/taskopru.bel.tr\/v1\/wp-content\/uploads\/2026\/02\/WhatsApp-Image-2026-02-16-at-12.30.43-1-1024x768.jpeg 1024w, https:\/\/taskopru.bel.tr\/v1\/wp-content\/uploads\/2026\/02\/WhatsApp-Image-2026-02-16-at-12.30.43-1-768x576.jpeg 768w, https:\/\/taskopru.bel.tr\/v1\/wp-content\/uploads\/2026\/02\/WhatsApp-Image-2026-02-16-at-12.30.43-1-1536x1152.jpeg 1536w, https:\/\/taskopru.bel.tr\/v1\/wp-content\/uploads\/2026\/02\/WhatsApp-Image-2026-02-16-at-12.30.43-1-968x726.jpeg 968w, https:\/\/taskopru.bel.tr\/v1\/wp-content\/uploads\/2026\/02\/WhatsApp-Image-2026-02-16-at-12.30.43-1-636x477.jpeg 636w, https:\/\/taskopru.bel.tr\/v1\/wp-content\/uploads\/2026\/02\/WhatsApp-Image-2026-02-16-at-12.30.43-1-320x240.jpeg 320w, https:\/\/taskopru.bel.tr\/v1\/wp-content\/uploads\/2026\/02\/WhatsApp-Image-2026-02-16-at-12.30.43-1-239x179.jpeg 239w, https:\/\/taskopru.bel.tr\/v1\/wp-content\/uploads\/2026\/02\/WhatsApp-Image-2026-02-16-at-12.30.43-1.jpeg 1600w\" data-sizes=\"(max-width: 300px) 100vw, 300px\" src=\"data:image\/svg+xml;base64,PHN2ZyB3aWR0aD0iMSIgaGVpZ2h0PSIxIiB4bWxucz0iaHR0cDovL3d3dy53My5vcmcvMjAwMC9zdmciPjwvc3ZnPg==\" style=\"--smush-placeholder-width: 300px; --smush-placeholder-aspect-ratio: 300\/225;\" \/> <img decoding=\"async\" class=\"alignnone size-medium wp-image-14553 lazyload\" data-src=\"https:\/\/taskopru.bel.tr\/v1\/wp-content\/uploads\/2026\/02\/WhatsApp-Image-2026-02-16-at-12.30.43-300x225.jpeg\" alt=\"\" width=\"300\" height=\"225\" data-srcset=\"https:\/\/taskopru.bel.tr\/v1\/wp-content\/uploads\/2026\/02\/WhatsApp-Image-2026-02-16-at-12.30.43-300x225.jpeg 300w, https:\/\/taskopru.bel.tr\/v1\/wp-content\/uploads\/2026\/02\/WhatsApp-Image-2026-02-16-at-12.30.43-1024x768.jpeg 1024w, https:\/\/taskopru.bel.tr\/v1\/wp-content\/uploads\/2026\/02\/WhatsApp-Image-2026-02-16-at-12.30.43-768x576.jpeg 768w, https:\/\/taskopru.bel.tr\/v1\/wp-content\/uploads\/2026\/02\/WhatsApp-Image-2026-02-16-at-12.30.43-1536x1152.jpeg 1536w, https:\/\/taskopru.bel.tr\/v1\/wp-content\/uploads\/2026\/02\/WhatsApp-Image-2026-02-16-at-12.30.43-968x726.jpeg 968w, https:\/\/taskopru.bel.tr\/v1\/wp-content\/uploads\/2026\/02\/WhatsApp-Image-2026-02-16-at-12.30.43-636x477.jpeg 636w, https:\/\/taskopru.bel.tr\/v1\/wp-content\/uploads\/2026\/02\/WhatsApp-Image-2026-02-16-at-12.30.43-320x240.jpeg 320w, https:\/\/taskopru.bel.tr\/v1\/wp-content\/uploads\/2026\/02\/WhatsApp-Image-2026-02-16-at-12.30.43-239x179.jpeg 239w, https:\/\/taskopru.bel.tr\/v1\/wp-content\/uploads\/2026\/02\/WhatsApp-Image-2026-02-16-at-12.30.43.jpeg 1600w\" data-sizes=\"(max-width: 300px) 100vw, 300px\" src=\"data:image\/svg+xml;base64,PHN2ZyB3aWR0aD0iMSIgaGVpZ2h0PSIxIiB4bWxucz0iaHR0cDovL3d3dy53My5vcmcvMjAwMC9zdmciPjwvc3ZnPg==\" style=\"--smush-placeholder-width: 300px; --smush-placeholder-aspect-ratio: 300\/225;\" \/> <img decoding=\"async\" class=\"alignnone size-medium wp-image-14554 lazyload\" data-src=\"https:\/\/taskopru.bel.tr\/v1\/wp-content\/uploads\/2026\/02\/WhatsApp-Image-2026-02-16-at-12.30.42-300x225.jpeg\" alt=\"\" width=\"300\" height=\"225\" data-srcset=\"https:\/\/taskopru.bel.tr\/v1\/wp-content\/uploads\/2026\/02\/WhatsApp-Image-2026-02-16-at-12.30.42-300x225.jpeg 300w, https:\/\/taskopru.bel.tr\/v1\/wp-content\/uploads\/2026\/02\/WhatsApp-Image-2026-02-16-at-12.30.42-1024x768.jpeg 1024w, https:\/\/taskopru.bel.tr\/v1\/wp-content\/uploads\/2026\/02\/WhatsApp-Image-2026-02-16-at-12.30.42-768x576.jpeg 768w, https:\/\/taskopru.bel.tr\/v1\/wp-content\/uploads\/2026\/02\/WhatsApp-Image-2026-02-16-at-12.30.42-1536x1152.jpeg 1536w, https:\/\/taskopru.bel.tr\/v1\/wp-content\/uploads\/2026\/02\/WhatsApp-Image-2026-02-16-at-12.30.42-968x726.jpeg 968w, https:\/\/taskopru.bel.tr\/v1\/wp-content\/uploads\/2026\/02\/WhatsApp-Image-2026-02-16-at-12.30.42-636x477.jpeg 636w, https:\/\/taskopru.bel.tr\/v1\/wp-content\/uploads\/2026\/02\/WhatsApp-Image-2026-02-16-at-12.30.42-320x240.jpeg 320w, https:\/\/taskopru.bel.tr\/v1\/wp-content\/uploads\/2026\/02\/WhatsApp-Image-2026-02-16-at-12.30.42-239x179.jpeg 239w, https:\/\/taskopru.bel.tr\/v1\/wp-content\/uploads\/2026\/02\/WhatsApp-Image-2026-02-16-at-12.30.42.jpeg 1600w\" data-sizes=\"(max-width: 300px) 100vw, 300px\" src=\"data:image\/svg+xml;base64,PHN2ZyB3aWR0aD0iMSIgaGVpZ2h0PSIxIiB4bWxucz0iaHR0cDovL3d3dy53My5vcmcvMjAwMC9zdmciPjwvc3ZnPg==\" style=\"--smush-placeholder-width: 300px; --smush-placeholder-aspect-ratio: 300\/225;\" \/><\/p>\n","protected":false},"excerpt":{"rendered":"<p>Ta\u015fk\u00f6pr\u00fc Belediyesi \u0130ftar \u00c7ad\u0131r\u0131n\u0131 Bu Y\u0131l da Kapal\u0131 Alanda Kuracak Kastamonu\u2019nun Ta\u015fk\u00f6pr\u00fc il\u00e7esinde, her y\u0131l Ramazan ay\u0131nda hay\u0131rseverlerin katk\u0131lar\u0131yla kurulan iftar \u00e7ad\u0131r\u0131 bu y\u0131l da vatanda\u015flar\u0131 ayn\u0131 sofrada bulu\u015fturacak. Ta\u015fk\u00f6pr\u00fc Belediyesi taraf\u0131ndan organize edilen iftar program\u0131, hava \u015fartlar\u0131 dolay\u0131s\u0131yla kapal\u0131 bir mek\u00e2nda ger\u00e7ekle\u015ftirilecek. \u00d6nceki y\u0131llarda Cumhuriyet Meydan\u0131\u2019nda kurulan iftar \u00e7ad\u0131r\u0131, bu y\u0131l Ramazan ay\u0131n\u0131n manevi [&hellip;]<\/p>\n","protected":false},"author":4,"featured_media":14553,"comment_status":"closed","ping_status":"open","sticky":false,"template":"","format":"standard","meta":{"footnotes":""},"categories":[37],"tags":[],"class_list":{"0":"post-14551","1":"post","2":"type-post","3":"status-publish","4":"format-standard","5":"has-post-thumbnail","7":"category-guncel-haberler"},"_links":{"self":[{"href":"https:\/\/taskopru.bel.tr\/v1\/wp-json\/wp\/v2\/posts\/14551","targetHints":{"allow":["GET"]}}],"collection":[{"href":"https:\/\/taskopru.bel.tr\/v1\/wp-json\/wp\/v2\/posts"}],"about":[{"href":"https:\/\/taskopru.bel.tr\/v1\/wp-json\/wp\/v2\/types\/post"}],"author":[{"embeddable":true,"href":"https:\/\/taskopru.bel.tr\/v1\/wp-json\/wp\/v2\/users\/4"}],"replies":[{"embeddable":true,"href":"https:\/\/taskopru.bel.tr\/v1\/wp-json\/wp\/v2\/comments?post=14551"}],"version-history":[{"count":1,"href":"https:\/\/taskopru.bel.tr\/v1\/wp-json\/wp\/v2\/posts\/14551\/revisions"}],"predecessor-version":[{"id":14555,"href":"https:\/\/taskopru.bel.tr\/v1\/wp-json\/wp\/v2\/posts\/14551\/revisions\/14555"}],"wp:featuredmedia":[{"embeddable":true,"href":"https:\/\/taskopru.bel.tr\/v1\/wp-json\/wp\/v2\/media\/14553"}],"wp:attachment":[{"href":"https:\/\/taskopru.bel.tr\/v1\/wp-json\/wp\/v2\/media?parent=14551"}],"wp:term":[{"taxonomy":"category","embeddable":true,"href":"https:\/\/taskopru.bel.tr\/v1\/wp-json\/wp\/v2\/categories?post=14551"},{"taxonomy":"post_tag","embeddable":true,"href":"https:\/\/taskopru.bel.tr\/v1\/wp-json\/wp\/v2\/tags?post=14551"}],"curies":[{"name":"wp","href":"https:\/\/api.w.org\/{rel}","templated":true}]}}