{"id":14490,"date":"2026-01-13T13:06:15","date_gmt":"2026-01-13T10:06:15","guid":{"rendered":"https:\/\/taskopru.bel.tr\/v1\/?p=14490"},"modified":"2026-01-13T13:06:40","modified_gmt":"2026-01-13T10:06:40","slug":"taskopru-belediye-baskanligi-ocak-ayi-olagan-meclis-toplantisi-karar-ozeti","status":"publish","type":"post","link":"https:\/\/taskopru.bel.tr\/v1\/2026\/01\/13\/taskopru-belediye-baskanligi-ocak-ayi-olagan-meclis-toplantisi-karar-ozeti\/","title":{"rendered":"TA\u015eK\u00d6PR\u00dc BELED\u0130YE BA\u015eKANLI\u011eI  OCAK AYI OLA\u011eAN MECL\u0130S TOPLANTISI  KARAR \u00d6ZET\u0130"},"content":{"rendered":"<p>T.C<\/p>\n<p>TA\u015eK\u00d6PR\u00dc BELED\u0130YE BA\u015eKANLI\u011eI<\/p>\n<p>OCAK AYI OLA\u011eAN MECL\u0130S TOPLANTISI<\/p>\n<p>KARAR \u00d6ZET\u0130<\/p>\n<p>&nbsp;<\/p>\n<p>KARAR TAR\u0130H\u0130 \u00a0\u00a0\u00a0\u00a0\u00a0 : 07.01.2026<\/p>\n<p>KARAR NO\u00a0\u00a0\u00a0\u00a0\u00a0\u00a0\u00a0\u00a0\u00a0\u00a0\u00a0\u00a0\u00a0\u00a0 : 1-2-3-4-5-6-7-8-9-10-11-12-13-14-15-16<\/p>\n<p>&nbsp;<\/p>\n<table width=\"0\">\n<tbody>\n<tr>\n<td width=\"137\">&nbsp;<\/p>\n<table>\n<tbody>\n<tr>\n<td width=\"128\">\u00a0Belediye Meclisini<\/p>\n<p>Te\u015fkil\u00a0 Edenlerin Ad\u0131 Soyad\u0131<\/td>\n<\/tr>\n<\/tbody>\n<\/table>\n<\/td>\n<td width=\"558\"><strong>\u00a0<\/strong><\/p>\n<p><strong>Meclis Ba\u015fkan\u0131 : <\/strong>Mehmet Emin DANA<\/p>\n<p><strong>Meclis \u00dcyeleri \u00a0: <\/strong>Ahmet ALAY, \u015eahin AKDA\u011e, Refika \u00c7INAR, Cemal \u015eERMET, Necati \u015eEN, Halim G\u00dcNAY, \u0130smail BERBER, Ali E\u015fref SEV\u0130M, Huriye BAYAR, Ali YAL\u00c7IN<\/p>\n<p><strong>Kat\u0131lmayanlar :<\/strong> H\u00fcseyin ARSLAN (Belediye Ba\u015fkan\u0131), Ali YAL\u00c7IN<\/td>\n<\/tr>\n<\/tbody>\n<\/table>\n<h1><\/h1>\n<p>Belediye Meclisinin 07.01.2026 tarihinde ger\u00e7ekle\u015fen toplant\u0131s\u0131nda a\u015fa\u011f\u0131daki hususlar g\u00f6r\u00fc\u015f\u00fclerek karara ba\u011flanm\u0131\u015ft\u0131r.<\/p>\n<p>&nbsp;<\/p>\n<p>1.( 20265\/1) :\u00a0 2026 y\u0131l\u0131nda Belediye Meclisi ola\u011fan ayl\u0131k toplant\u0131lar\u0131n\u0131n her ay\u0131n ilk \u00c7ar\u015famba g\u00fcn\u00fc saat:17.00\u2019 de yap\u0131lmas\u0131na oy birli\u011fiyle karar verildi.<\/p>\n<p>2.( 2026\/2) :\u00a0 2026 y\u0131l\u0131nda Belediye meclisinin A\u011fustos ay\u0131 tatil ay\u0131 olarak belirlenmesine oy birli\u011fiyle karar verildi.<\/p>\n<p>3.( 2026\/3) : 5393 say\u0131l\u0131 Belediye Kanununun 25. maddesinde belirtilen \u201cHer siyasi parti grubunun ve ba\u011f\u0131ms\u0131z \u00fcyelerin meclisteki \u00fcye say\u0131s\u0131n\u0131n meclis \u00fcye tam say\u0131s\u0131na oranlamas\u0131\u201d dikkate al\u0131narak, yap\u0131lan kapal\u0131 oylama sonucu Belediye Meclis \u00dcyeleri \u015eahin AKDA\u011e, Refika \u00c7INAR, Necati \u015eEN, \u0130smail BERBER ve Ali E\u015fref SEV\u0130M Belediyemizin 2025 y\u0131l\u0131 gelir ve giderleri ile bunlara ili\u015fkin hesap kay\u0131t ve i\u015flemlerinin denetlemek \u00fczere Denetim Komisyonu \u00fcyeli\u011fine se\u00e7ilmi\u015flerdir.<\/p>\n<p>4.( 2026\/4) : 5393 say\u0131l\u0131 Belediye Kanunun 32. Maddesi uyar\u0131nca 2026 mali y\u0131l\u0131nda uygulanacak Belediye Meclis ve \u0130htisas komisyonu \u00fcyelerine \u00f6denen Huzur Hakk\u0131n\u0131n, kanunca tan\u0131nan \u00fcst limitten \u00f6denmesine oy birli\u011fiyle karar verildi.<\/p>\n<p>5.( 2026\/6) :\u00a0 Belediyemizde Zab\u0131ta ve \u0130tfaiye M\u00fcd\u00fcrl\u00fcklerimizde \u00e7al\u0131\u015fan kadrolu personelimize fazla \u00e7al\u0131\u015fma maktu mesai \u00fccretlerinin 2026 y\u0131l\u0131 B\u00fct\u00e7e Kanunu ek cetvellerinde belirtilen en \u00fcst limit \u00fczerinden verilmesine oy birli\u011fiyle karar verildi.<\/p>\n<p>6.( 2026\/6) : \u00a0\u00a0 5393 Say\u0131l\u0131 Belediye Kanunu&#8217;nun 49. maddesi uyar\u0131nca 2026 y\u0131l\u0131nda \u00a0Belediye Ba\u015fkanl\u0131\u011f\u0131m\u0131zda Avukatl\u0131k Hizmetleri S\u0131n\u0131f\u0131na ba\u011fl\u0131 1 dereceli K\u0131smi Zamanl\u0131 S\u00f6zle\u015fmeli olarak \u00e7al\u0131\u015ft\u0131r\u0131lacak Avukat\u2019 a Hazine ve Maliye Bakanl\u0131\u011f\u0131n Mahalli \u0130dare S\u00f6zle\u015fmeli Personel i\u00e7in yay\u0131nlayaca\u011f\u0131 K\u0131smi Zamanl\u0131 S\u00f6zle\u015fmeli \u00fccret tavan\u0131nda s\u00f6zle\u015fme yap\u0131lmas\u0131na oy birli\u011fiyle karar verildi.<\/p>\n<p>7.(2026\/7) : Art\u0131k parsel konumuna gelecek Kadastrol Yollar ile belediye ile hisselendirilmi\u015f yerlerin ve Belediyemize ait art\u0131k parsel konumundaki arsalar\u0131n sat\u0131\u015f\u0131n\u0131n veya takas ve trampas\u0131n\u0131n yap\u0131lmas\u0131na, bu hususta gerekli i\u015f ve i\u015flemlerini y\u00fcr\u00fctmek \u00fczere 2026 y\u0131l\u0131 i\u00e7in 5393 say\u0131l\u0131 Belediye Kanununun 18. Maddesi gere\u011fi Belediye Enc\u00fcmenine yetki verilmesine oy \u00e7oklu\u011fuyla karar verildi.<\/p>\n<p>8.(2026\/8) : 5393 say\u0131l\u0131 Belediye Kanunu\u2019nun 14. Maddesinin ( b) bendi gere\u011fi,\u00a0 Ta\u015fk\u00f6pr\u00fc \u0130l\u00e7e merkezinde bulunan camilerin ve \u015fad\u0131rvanlar\u0131n 2026 y\u0131l\u0131 i\u00e7erisinde bak\u0131m, onar\u0131m ve tadilatlar\u0131n\u0131n belediyemizin maddi imkanlar\u0131 ve i\u015f y\u00fck\u00fc g\u00f6z \u00f6n\u00fcnde bulundurularak yap\u0131lmas\u0131na oy birli\u011fiyle karar verildi.<\/p>\n<p>9.( 2026\/9): 5393 say\u0131l\u0131 Belediye Kanunu\u2019nun 14. Maddesinin ( b) bendi gere\u011fi,\u00a0 Ta\u015fk\u00f6pr\u00fc \u0130l\u00e7e merkezinde bulunan Okullar\u0131n 2026 y\u0131l\u0131 i\u00e7erisinde bak\u0131m, onar\u0131m ve tadilatlar\u0131n\u0131n belediyemizin maddi imkanlar\u0131 ve i\u015f y\u00fck\u00fc g\u00f6z \u00f6n\u00fcnde bulundurularak yap\u0131lmas\u0131na oy birli\u011fiyle karar verildi.<\/p>\n<p>&nbsp;<\/p>\n<p>&nbsp;<\/p>\n<p>&nbsp;<\/p>\n<p>10.( 2026\/10): M\u00fclkiyeti Belediye Ba\u015fkanl\u0131\u011f\u0131m\u0131za ait olan; 1.) Camikebir Mahallesi Sulukise Sokak No:2 Kat:1 Ta\u015fk\u00f6pr\u00fc adresinde i\u015fyerini Ta\u015fk\u00f6pr\u00fc Vergi Dairesi M\u00fcd\u00fcrl\u00fc\u011f\u00fc\u2019ne 20.000,00\u00a0 TL ayl\u0131k kira bedeli ile 5 y\u0131ll\u0131\u011f\u0131na, 2.) Camikebir Mahallesi Sulukise Sokak No:2 Kat:1 Ta\u015fk\u00f6pr\u00fc adresindeki i\u015fyerini Ta\u015fk\u00f6pr\u00fc \u0130l\u00e7e N\u00fcfus M\u00fcd\u00fcrl\u00fc\u011f\u00fc\u2019ne\u00a0 10.000,00 TL ayl\u0131k kira bedeli ile 5 y\u0131ll\u0131\u011f\u0131na, 3.) Camikebir Mahallesi Sulukise Sokak No:2 Kat:2 Ta\u015fk\u00f6pr\u00fc adresindeki i\u015fyerini Ta\u015fk\u00f6pr\u00fc Ticaret ve Sanayi Odas\u0131na 6.000,00 TL ayl\u0131k kira bedeli ile 5 y\u0131ll\u0131\u011f\u0131na, 4.) Camikebir Mahallesi Sulukise Sokak No:2 Kat:3 Ta\u015fk\u00f6pr\u00fc adresindeki i\u015fyerini Ta\u015fk\u00f6pr\u00fc Tapu M\u00fcd\u00fcrl\u00fc\u011f\u00fc\u2019ne 23.500,00 TL ayl\u0131k kira bedeli ile 5 y\u0131ll\u0131\u011f\u0131na, 5.) \u00dcstatlar Mahallesi Karasait Sokak No:4\/B Ta\u015fk\u00f6pr\u00fc adresindeki i\u015fyerini Ta\u015fk\u00f6pr\u00fc K\u0131z\u0131lay Derne\u011fi\u2019 ne 5 y\u0131ll\u0131\u011f\u0131na bedelsiz olarak, tahsis edilmesine oy birli\u011fiyle karar verildi.<\/p>\n<p>11.( 2026\/11): \u00dcyesi oldu\u011fumuz Tarihi Kentler Birli\u011fi taraf\u0131ndan 11-15 \u015eubat 2026 tarihleri aras\u0131nda d\u00fczenlenecek Portekiz ve \u0130spanya\u2019ya y\u00f6nelik teknik inceleme ve resmi temas program\u0131na Belediye Ba\u015fkan\u0131 H\u00fcseyin ARSLAN\u2019 \u0131n g\u00f6revli olarak kat\u0131lmas\u0131na oy birli\u011fiyle karar verildi.<\/p>\n<p>12.( 2026\/12): \u0130l\u00e7emizin ekonomik, sosyal ve k\u00fclt\u00fcrel geli\u015fimine katk\u0131 sa\u011flanmas\u0131 amac\u0131yla &#8220;1. Uluslararas\u0131 Pompeiopolis Film Festivali&#8221; d\u00fczenlenebilmesi ve 2026 y\u0131l\u0131 i\u00e7erisinde ilk defa d\u00fczenlenecek olan I. Uluslararas\u0131 Pompeiopolis Filim festivalinin\u00a0 01-05 Eyl\u00fcl 2026 tarihlerde Festival d\u00fczenlenmesi ve Belediye Ba\u015fkan\u0131n\u0131n ba\u015fkanl\u0131\u011f\u0131nda Festival Komitesinin olu\u015fturulmas\u0131na oy \u00e7oklu\u011fuyla karar verildi.<\/p>\n<p>13.( 2026\/13): Belediye Ba\u015fkanl\u0131\u011f\u0131m\u0131zda atamas\u0131, unvan de\u011fi\u015fikli\u011fi ve derece ilerlemesi yap\u0131lan; personeller ile ilgili norm kadro de\u011fi\u015fikli\u011fini i\u00e7eren ekli listedeki (II) say\u0131l\u0131 Memur bo\u015f ve (III) say\u0131l\u0131 dolu memur kadro de\u011fi\u015fikli\u011fi kadro De\u011fi\u015fikli Cetvelinin, (IV) Say\u0131l\u0131 Dolu-Bo\u015f Kadro Durumu (Memur) cetvelleri ile Belediye Ba\u015fkanl\u0131\u011f\u0131m\u0131zda i\u015f\u00e7i kadrosunda g\u00f6rev yapan i\u015f\u00e7ilerimize ait (VII) Say\u0131l\u0131 S\u00fcrekli \u0130\u015f\u00e7i Dolu \u2013 Bo\u015f Kadro Durum cetvellerinin onaylanmas\u0131na oy birli\u011fiyle karar verildi.<\/p>\n<p>14.( 2026\/14): Ta\u015fk\u00f6pr\u00fc Asliye Hukuk Mahkemesinin 2024\/357 Esas, 2025\/346 Karar say\u0131l\u0131 \u0130lam\u0131 Belediye Ba\u015fkanl\u0131\u011f\u0131m\u0131zca istinaf edilmi\u015f ve Ta\u015fk\u00f6pr\u00fc Asliye Hukuk Mahkemesinin \u0130lam\u0131na kar\u015f\u0131 Ta\u015fk\u00f6pr\u00fc \u0130cra Dairesinin 2025\/287 Esas say\u0131l\u0131 dosyas\u0131 ile Belediye Ba\u015fkanl\u0131\u011f\u0131m\u0131za icra takibi ba\u015flat\u0131lm\u0131\u015ft\u0131r. Tehir-i icra talebi i\u00e7in Ta\u015fk\u00f6pr\u00fc \u0130cra Dairesinin 2025\/287 nolu dosyas\u0131na sunmak ve devam\u0131nda ilgili i\u015flemlerin yap\u0131lmas\u0131 i\u00e7in kanun kapsam\u0131nda i\u00e7 bor\u00e7lanman\u0131n % 10\u2019 u ge\u00e7meyen 470.000,00 (d\u00f6rty\u00fczyetmi\u015fbin) TL. tutar\u0131nda kesin ve s\u00fcresiz kamu ( resmi) veya \u00f6zel Bankalardan Teminat Mektubu al\u0131nmas\u0131na ve\u00a0 Teminat mektubu al\u0131nmas\u0131 ile ilgili her t\u00fcrl\u00fc i\u015flemi yapmaya Belediye Ba\u015fkan\u0131 H\u00fcseyin ARSLAN\u2019 \u0131n yetkili k\u0131l\u0131nmas\u0131 i\u00e7in oy birli\u011fiyle karar verildi.<\/p>\n<p>15.( 2026\/15): Belediye Ba\u015fkanl\u0131\u011f\u0131m\u0131z\u0131n planlamalar\u0131 do\u011frultusunda, \u0130l\u00e7emiz ula\u015f\u0131m a\u011f\u0131n\u0131 geni\u015fletmek ve sa\u011fl\u0131kl\u0131 ya\u015fam alanlar\u0131 olu\u015fturmak amac\u0131yla haz\u0131rlanan \u201cBisiklet Yolu Projesi\u201d kapsam\u0131nda; \u0130l\u00e7emiz Tekke Mahallesi s\u0131n\u0131rlar\u0131 i\u00e7erisinde yer alan 182 Ada, 1 Parsel ve 290 Ada, 1-2-3-6-7-8 Parsellerin\u00a0 proje g\u00fczergah\u0131na isabet eden k\u0131s\u0131mlar\u0131n\u0131n 2942 say\u0131l\u0131 Kamula\u015ft\u0131rma Kanunu h\u00fck\u00fcmleri do\u011frultusunda kamula\u015ft\u0131r\u0131lmas\u0131na, Ta\u015f\u0131nmaz maliklerinin talep etmesi halinde takas ve\/veya trampa y\u00f6ntemleriyle i\u015flemlerin y\u00fcr\u00fct\u00fclmesine, Kamula\u015ft\u0131rma, takas ve trampa i\u015flemlerinin y\u00fcr\u00fct\u00fclmesi, bedel tespiti, uzla\u015fma g\u00f6r\u00fc\u015fmeleri ve gerekli t\u00fcm i\u015f ve i\u015flemler i\u00e7in Belediye Enc\u00fcmeni ve Belediye Ba\u015fkanl\u0131\u011f\u0131na yetki verilmesine, oy \u00e7oklu\u011fuyla karar verildi.<\/p>\n<p>16.( 2026\/16): 5393 say\u0131l\u0131 Belediye Kanunun 14. Maddesinin (b) bendi h\u00fckm\u00fc de g\u00f6z \u00f6n\u00fcne al\u0131narak; 2025 y\u0131l\u0131nda yap\u0131lan Boks m\u00fcsabakas\u0131nda il birincili\u011fi ve A\u00e7\u0131k Wako D\u00fcnya kupas\u0131 \u015fampiyonas\u0131nda 63,5 Kg\u2019 da D\u00fcnya Kupas\u0131 birisi olan, il\u00e7emiz Fahrettin Pa\u015fa Anadolu Lisesi \u00d6\u011frencisi Burak Efe \u00d6ZKAN taleplerine istinaden, sporu te\u015fvik etmek amac\u0131yla 50.000,00 TL nakdi \u00f6d\u00fcl verilmesine oy birli\u011fiyle karar verildi.<\/p>\n<p>&nbsp;<\/p>\n<p>&nbsp;<\/p>\n<p>&nbsp;<\/p>\n<p>&nbsp;<\/p>\n<p>Mehmet Emin DANA\u00a0\u00a0\u00a0\u00a0\u00a0\u00a0\u00a0\u00a0\u00a0\u00a0\u00a0\u00a0\u00a0\u00a0\u00a0\u00a0\u00a0\u00a0\u00a0\u00a0\u00a0\u00a0\u00a0\u00a0\u00a0\u00a0\u00a0\u00a0\u00a0\u00a0\u00a0\u00a0\u00a0\u00a0\u00a0 \u015eahin AKDA\u011e\u00a0\u00a0\u00a0\u00a0\u00a0\u00a0\u00a0\u00a0\u00a0\u00a0\u00a0\u00a0\u00a0\u00a0\u00a0\u00a0\u00a0\u00a0\u00a0\u00a0\u00a0\u00a0\u00a0\u00a0\u00a0\u00a0\u00a0\u00a0\u00a0\u00a0\u00a0\u00a0\u00a0\u00a0 Halim G\u00dcNAY<\/p>\n<p>Meclis Ba\u015fkan V.\u00a0\u00a0\u00a0\u00a0\u00a0\u00a0\u00a0\u00a0\u00a0\u00a0\u00a0\u00a0\u00a0\u00a0\u00a0\u00a0\u00a0\u00a0\u00a0\u00a0\u00a0\u00a0\u00a0\u00a0\u00a0\u00a0\u00a0\u00a0\u00a0\u00a0 \u00a0\u00a0\u00a0\u00a0\u00a0\u00a0\u00a0\u00a0\u00a0\u00a0\u00a0 Meclis Katibi\u00a0\u00a0\u00a0\u00a0\u00a0\u00a0\u00a0\u00a0\u00a0\u00a0\u00a0\u00a0\u00a0\u00a0\u00a0\u00a0\u00a0\u00a0\u00a0\u00a0\u00a0\u00a0\u00a0 \u00a0\u00a0\u00a0\u00a0\u00a0\u00a0\u00a0\u00a0\u00a0\u00a0\u00a0 Meclis Katibi<\/p>\n","protected":false},"excerpt":{"rendered":"<p>T.C TA\u015eK\u00d6PR\u00dc BELED\u0130YE BA\u015eKANLI\u011eI OCAK AYI OLA\u011eAN MECL\u0130S TOPLANTISI KARAR \u00d6ZET\u0130 &nbsp; KARAR TAR\u0130H\u0130 \u00a0\u00a0\u00a0\u00a0\u00a0 : 07.01.2026 KARAR NO\u00a0\u00a0\u00a0\u00a0\u00a0\u00a0\u00a0\u00a0\u00a0\u00a0\u00a0\u00a0\u00a0\u00a0 : 1-2-3-4-5-6-7-8-9-10-11-12-13-14-15-16 &nbsp; &nbsp; \u00a0Belediye Meclisini Te\u015fkil\u00a0 Edenlerin Ad\u0131 Soyad\u0131 \u00a0 Meclis Ba\u015fkan\u0131 : Mehmet Emin DANA Meclis \u00dcyeleri \u00a0: Ahmet ALAY, \u015eahin AKDA\u011e, Refika \u00c7INAR, Cemal \u015eERMET, Necati \u015eEN, Halim G\u00dcNAY, \u0130smail BERBER, Ali E\u015fref [&hellip;]<\/p>\n","protected":false},"author":4,"featured_media":0,"comment_status":"closed","ping_status":"open","sticky":false,"template":"","format":"standard","meta":{"footnotes":""},"categories":[1],"tags":[],"class_list":{"0":"post-14490","1":"post","2":"type-post","3":"status-publish","4":"format-standard","6":"category-meclis-kararlari"},"_links":{"self":[{"href":"https:\/\/taskopru.bel.tr\/v1\/wp-json\/wp\/v2\/posts\/14490","targetHints":{"allow":["GET"]}}],"collection":[{"href":"https:\/\/taskopru.bel.tr\/v1\/wp-json\/wp\/v2\/posts"}],"about":[{"href":"https:\/\/taskopru.bel.tr\/v1\/wp-json\/wp\/v2\/types\/post"}],"author":[{"embeddable":true,"href":"https:\/\/taskopru.bel.tr\/v1\/wp-json\/wp\/v2\/users\/4"}],"replies":[{"embeddable":true,"href":"https:\/\/taskopru.bel.tr\/v1\/wp-json\/wp\/v2\/comments?post=14490"}],"version-history":[{"count":1,"href":"https:\/\/taskopru.bel.tr\/v1\/wp-json\/wp\/v2\/posts\/14490\/revisions"}],"predecessor-version":[{"id":14491,"href":"https:\/\/taskopru.bel.tr\/v1\/wp-json\/wp\/v2\/posts\/14490\/revisions\/14491"}],"wp:attachment":[{"href":"https:\/\/taskopru.bel.tr\/v1\/wp-json\/wp\/v2\/media?parent=14490"}],"wp:term":[{"taxonomy":"category","embeddable":true,"href":"https:\/\/taskopru.bel.tr\/v1\/wp-json\/wp\/v2\/categories?post=14490"},{"taxonomy":"post_tag","embeddable":true,"href":"https:\/\/taskopru.bel.tr\/v1\/wp-json\/wp\/v2\/tags?post=14490"}],"curies":[{"name":"wp","href":"https:\/\/api.w.org\/{rel}","templated":true}]}}