{"id":14440,"date":"2025-12-31T09:57:45","date_gmt":"2025-12-31T06:57:45","guid":{"rendered":"https:\/\/taskopru.bel.tr\/v1\/?p=14440"},"modified":"2025-12-31T09:57:45","modified_gmt":"2025-12-31T06:57:45","slug":"2026nin-saglik-huzur-ve-mutluluk-getirmesini-dilerim","status":"publish","type":"post","link":"https:\/\/taskopru.bel.tr\/v1\/2025\/12\/31\/2026nin-saglik-huzur-ve-mutluluk-getirmesini-dilerim\/","title":{"rendered":"2026&#8217;n\u0131n; sa\u011fl\u0131k, huzur ve mutluluk getirmesini dilerim."},"content":{"rendered":"<p>&nbsp;<\/p>\n<div class=\"xdj266r x14z9mp xat24cr x1lziwak x1vvkbs x126k92a\">\n<div dir=\"auto\">Bir y\u0131l\u0131 daha birlik ve beraberlik i\u00e7inde geride b\u0131rak\u0131rken, Ta\u015fk\u00f6pr\u00fc\u2019m\u00fcz i\u00e7in birlikte emek verdi\u011fimiz g\u00fczel bir d\u00f6nemi tamamlaman\u0131n gururunu ya\u015f\u0131yoruz.<\/div>\n<\/div>\n<div class=\"x14z9mp xat24cr x1lziwak x1vvkbs xtlvy1s x126k92a\">\n<div dir=\"auto\">2026 y\u0131l\u0131n\u0131n il\u00e7emize; sa\u011fl\u0131k, huzur, bereket ve mutluluk getirmesini diliyorum.<\/div>\n<div dir=\"auto\">Her haneye umut, her kalbe sevin\u00e7 dolu bir y\u0131l olsun.<\/div>\n<\/div>\n<div dir=\"auto\"><\/div>\n<div class=\"x14z9mp xat24cr x1lziwak x1vvkbs xtlvy1s x126k92a\">\n<div dir=\"auto\">\u00a0 \u00a0 \u00a0 \u00a0H\u00fcseyin ARSLAN<\/div>\n<div dir=\"auto\">Ta\u015fk\u00f6pr\u00fc Belediye Ba\u015fkan\u0131<\/div>\n<\/div>\n<p>&nbsp;<\/p>\n<p>&nbsp;<\/p>\n<p>&nbsp;<\/p>\n<p><img decoding=\"async\" class=\"alignnone size-medium wp-image-14441 lazyload\" data-src=\"https:\/\/taskopru.bel.tr\/v1\/wp-content\/uploads\/2025\/12\/605502108_1338529304622228_5991216056241792753_n-300x168.jpg\" alt=\"\" width=\"300\" height=\"168\" data-srcset=\"https:\/\/taskopru.bel.tr\/v1\/wp-content\/uploads\/2025\/12\/605502108_1338529304622228_5991216056241792753_n-300x168.jpg 300w, https:\/\/taskopru.bel.tr\/v1\/wp-content\/uploads\/2025\/12\/605502108_1338529304622228_5991216056241792753_n-1024x575.jpg 1024w, https:\/\/taskopru.bel.tr\/v1\/wp-content\/uploads\/2025\/12\/605502108_1338529304622228_5991216056241792753_n-768x431.jpg 768w, https:\/\/taskopru.bel.tr\/v1\/wp-content\/uploads\/2025\/12\/605502108_1338529304622228_5991216056241792753_n-1536x862.jpg 1536w, https:\/\/taskopru.bel.tr\/v1\/wp-content\/uploads\/2025\/12\/605502108_1338529304622228_5991216056241792753_n-968x543.jpg 968w, https:\/\/taskopru.bel.tr\/v1\/wp-content\/uploads\/2025\/12\/605502108_1338529304622228_5991216056241792753_n-636x357.jpg 636w, https:\/\/taskopru.bel.tr\/v1\/wp-content\/uploads\/2025\/12\/605502108_1338529304622228_5991216056241792753_n-482x271.jpg 482w, https:\/\/taskopru.bel.tr\/v1\/wp-content\/uploads\/2025\/12\/605502108_1338529304622228_5991216056241792753_n-320x180.jpg 320w, https:\/\/taskopru.bel.tr\/v1\/wp-content\/uploads\/2025\/12\/605502108_1338529304622228_5991216056241792753_n-239x134.jpg 239w, https:\/\/taskopru.bel.tr\/v1\/wp-content\/uploads\/2025\/12\/605502108_1338529304622228_5991216056241792753_n.jpg 1600w\" data-sizes=\"(max-width: 300px) 100vw, 300px\" src=\"data:image\/svg+xml;base64,PHN2ZyB3aWR0aD0iMSIgaGVpZ2h0PSIxIiB4bWxucz0iaHR0cDovL3d3dy53My5vcmcvMjAwMC9zdmciPjwvc3ZnPg==\" style=\"--smush-placeholder-width: 300px; --smush-placeholder-aspect-ratio: 300\/168;\" \/><\/p>\n","protected":false},"excerpt":{"rendered":"<p>&nbsp; Bir y\u0131l\u0131 daha birlik ve beraberlik i\u00e7inde geride b\u0131rak\u0131rken, Ta\u015fk\u00f6pr\u00fc\u2019m\u00fcz i\u00e7in birlikte emek verdi\u011fimiz g\u00fczel bir d\u00f6nemi tamamlaman\u0131n gururunu ya\u015f\u0131yoruz. 2026 y\u0131l\u0131n\u0131n il\u00e7emize; sa\u011fl\u0131k, huzur, bereket ve mutluluk getirmesini diliyorum. Her haneye umut, her kalbe sevin\u00e7 dolu bir y\u0131l olsun. \u00a0 \u00a0 \u00a0 \u00a0H\u00fcseyin ARSLAN Ta\u015fk\u00f6pr\u00fc Belediye Ba\u015fkan\u0131 &nbsp; &nbsp; &nbsp;<\/p>\n","protected":false},"author":4,"featured_media":14441,"comment_status":"closed","ping_status":"open","sticky":false,"template":"","format":"standard","meta":{"footnotes":""},"categories":[33,37],"tags":[],"class_list":{"0":"post-14440","1":"post","2":"type-post","3":"status-publish","4":"format-standard","5":"has-post-thumbnail","7":"category-duyurular","8":"category-guncel-haberler"},"_links":{"self":[{"href":"https:\/\/taskopru.bel.tr\/v1\/wp-json\/wp\/v2\/posts\/14440","targetHints":{"allow":["GET"]}}],"collection":[{"href":"https:\/\/taskopru.bel.tr\/v1\/wp-json\/wp\/v2\/posts"}],"about":[{"href":"https:\/\/taskopru.bel.tr\/v1\/wp-json\/wp\/v2\/types\/post"}],"author":[{"embeddable":true,"href":"https:\/\/taskopru.bel.tr\/v1\/wp-json\/wp\/v2\/users\/4"}],"replies":[{"embeddable":true,"href":"https:\/\/taskopru.bel.tr\/v1\/wp-json\/wp\/v2\/comments?post=14440"}],"version-history":[{"count":1,"href":"https:\/\/taskopru.bel.tr\/v1\/wp-json\/wp\/v2\/posts\/14440\/revisions"}],"predecessor-version":[{"id":14442,"href":"https:\/\/taskopru.bel.tr\/v1\/wp-json\/wp\/v2\/posts\/14440\/revisions\/14442"}],"wp:featuredmedia":[{"embeddable":true,"href":"https:\/\/taskopru.bel.tr\/v1\/wp-json\/wp\/v2\/media\/14441"}],"wp:attachment":[{"href":"https:\/\/taskopru.bel.tr\/v1\/wp-json\/wp\/v2\/media?parent=14440"}],"wp:term":[{"taxonomy":"category","embeddable":true,"href":"https:\/\/taskopru.bel.tr\/v1\/wp-json\/wp\/v2\/categories?post=14440"},{"taxonomy":"post_tag","embeddable":true,"href":"https:\/\/taskopru.bel.tr\/v1\/wp-json\/wp\/v2\/tags?post=14440"}],"curies":[{"name":"wp","href":"https:\/\/api.w.org\/{rel}","templated":true}]}}