{"id":13905,"date":"2025-08-04T11:56:09","date_gmt":"2025-08-04T08:56:09","guid":{"rendered":"https:\/\/taskopru.bel.tr\/v1\/?p=13905"},"modified":"2025-08-04T11:56:09","modified_gmt":"2025-08-04T08:56:09","slug":"uluslararasi-kultur-ve-sarimsak-festivalinin-programi-belli-oldu","status":"publish","type":"post","link":"https:\/\/taskopru.bel.tr\/v1\/2025\/08\/04\/uluslararasi-kultur-ve-sarimsak-festivalinin-programi-belli-oldu\/","title":{"rendered":"Uluslararas\u0131 K\u00fclt\u00fcr ve Sar\u0131msak Festivali\u2019nin Program\u0131 Belli Oldu"},"content":{"rendered":"<ol start=\"35\">\n<li><strong> Uluslararas\u0131 K\u00fclt\u00fcr ve Sar\u0131msak Festivali\u2019nin Program\u0131 Belli Oldu<\/strong><\/li>\n<\/ol>\n<p>Ta\u015fk\u00f6pr\u00fc Belediyesi taraf\u0131ndan bu y\u0131l 35.\u2019si d\u00fczenlenecek olan Uluslararas\u0131 K\u00fclt\u00fcr ve Sar\u0131msak Festivali\u2019nin program\u0131 netle\u015fti. D\u00f6rt g\u00fcn boyunca birbirinden renkli etkinliklere ev sahipli\u011fi yapacak festival, 14-17 A\u011fustos tarihleri aras\u0131nda ger\u00e7ekle\u015fecek.<\/p>\n<p>Festival co\u015fkusu, 13 A\u011fustos \u00c7ar\u015famba g\u00fcn\u00fc saat 16.30\u2019da Cumhuriyet Meydan\u0131\u2019nda d\u00fczenlenecek toplu s\u00fcnnet t\u00f6reniyle ba\u015flayacak.<\/p>\n<ol>\n<li><strong> G\u00fcn \u2013 14 A\u011fustos Per\u015fembe<\/strong><\/li>\n<\/ol>\n<p>Festivalin resmi a\u00e7\u0131l\u0131\u015f\u0131 14 A\u011fustos per\u015fembe g\u00fcn\u00fc saat 15.00\u2019te K\u00f6pr\u00fcba\u015f\u0131 Mevkii\u2019nde ger\u00e7ekle\u015ftirilecek. A\u00e7\u0131l\u0131\u015f\u0131n ard\u0131ndan, S\u00fcleyman Demirel Caddesi\u2019nde kortej y\u00fcr\u00fcy\u00fc\u015f\u00fc yap\u0131lacak.<\/p>\n<p>Cuma Pazar\u0131 alan\u0131nda Pompeipolis Tar\u0131m, Orman, Hayvanc\u0131l\u0131k ve Tar\u0131msal \u00dcr\u00fcnler Fuar\u0131\u2019n\u0131n a\u00e7\u0131l\u0131\u015f\u0131 ger\u00e7ekle\u015ftirilecek. Ak\u015fam saatlerinde ise Cumhuriyet Meydan\u0131\u2019nda protokol konu\u015fmalar\u0131, halk oyunlar\u0131 g\u00f6sterileri ve k\u00fclt\u00fcrel etkinlikler sahne alacak.<\/p>\n<p>Ayn\u0131 g\u00fcn saat 20.00\u2019de Ta\u015f Camii\u2019nde Mevlid-i \u015eerif okunacak, ard\u0131ndan saat 21.30\u2019da K\u00f6pr\u00fcba\u015f\u0131 Mevkii\u2019nde Festival Orkestras\u0131 sahne alacak.<\/p>\n<ol start=\"2\">\n<li><strong> G\u00fcn \u2013 15 A\u011fustos Cuma<\/strong><\/li>\n<\/ol>\n<p>Festivalin ikinci g\u00fcn\u00fc, saat 09.00\u2019da halk oyunlar\u0131 ekipleri ve rehberlerin Belediye Ba\u015fkan\u0131 ile yapaca\u011f\u0131 kahvalt\u0131 program\u0131yla ba\u015flayacak.<\/p>\n<p>Saat 10.30\u2019da Ta\u015fk\u00f6pr\u00fc \u015eehir Stadyumu\u2019nda Karakucak Gen\u00e7ler T\u00fcrkiye \u015eampiyonas\u0131 d\u00fczenlenecek. Cuma Pazar\u0131 alan\u0131nda saat 16.00\u2019da halk oyunlar\u0131 g\u00f6sterileri ve yar\u0131\u015fmalar yap\u0131lacak.<\/p>\n<p>Saat 19.30\u2019da K\u00f6pr\u00fcba\u015f\u0131 Festival Alan\u0131\u2019nda halk oyunlar\u0131 ekipleri yeniden sahne alacak. Ard\u0131ndan \u00a0saat:21.00\u2019de TRT sanat\u00e7\u0131lar\u0131 ve 22.30\u2019da sevilen sanat\u00e7\u0131 Murat Kur\u015fun festival sahnesinde a\u00e7\u0131k hava konseri ger\u00e7ekle\u015fecek.<\/p>\n<ol start=\"3\">\n<li><strong> G\u00fcn \u2013 16 A\u011fustos Cumartesi<\/strong><\/li>\n<\/ol>\n<p>\u00dc\u00e7\u00fcnc\u00fc g\u00fcn saat 11.00\u2019de, \u00e7ocuklar ve gen\u00e7lerin kat\u0131l\u0131m\u0131yla belediye binas\u0131 \u00f6n\u00fcnden ba\u015flayacak bisiklet \u015fehir turuyla ba\u015flayacak.<\/p>\n<p>Saat 14.00\u2019te Cumhuriyet Meydan\u0131\u2019nda Festival Orkestras\u0131 sahne alacak, saat 15.00\u2019te halk oyunlar\u0131 g\u00f6sterileri sunulacak ve yar\u0131\u015fmalarda dereceye giren ekipler \u00f6d\u00fcllerini alacak.<\/p>\n<p>Saat 16.30\u2019da Cumhuriyet Meydan\u0131\u2019nda \u201cY\u00f6resel K\u0131yafetli Sar\u0131msak G\u00fczeli Yar\u0131\u015fmas\u0131\u201d d\u00fczenlenecek.<\/p>\n<p>Ak\u015fam saatlerinde, 19.00\u2019da Festival Orkestras\u0131 program\u0131 K\u00f6pr\u00fcba\u015f\u0131 Alan\u0131\u2019nda s\u00fcrecek. Ard\u0131ndan saat 21.00\u2019de Hasan Y\u0131lmaz, saat 22.30\u2019da ise Merve \u00d6zbey sahne alacak.<\/p>\n<ol start=\"4\">\n<li><strong> G\u00fcn \u2013 17 A\u011fustos Pazar<\/strong><\/li>\n<\/ol>\n<p>Festivalin son g\u00fcn\u00fc saat 13.30\u2019da Kaba Yaz\u0131 Mevkii\u2019nde halk oyunlar\u0131 g\u00f6sterileriyle ba\u015flayacak. Saat 14.00\u2019te ayn\u0131 alanda ata sporumuz at yar\u0131\u015flar\u0131 d\u00fczenlenecek.<\/p>\n<p>Ak\u015fam saatlerinde, 19.00\u2019da halk oyunlar\u0131 ekipleri bir kez daha sahne alacak. Gecenin ilerleyen saatlerinde ise Saat: 21.00 Irmak Ar\u0131c\u0131 ve saat:22.30\u2019da sevilen sanat\u00e7\u0131 Buray, Ta\u015fk\u00f6pr\u00fcl\u00fclere unutulmaz bir m\u00fczik ziyafeti sunacak.<\/p>\n<p>Ta\u015fk\u00f6pr\u00fc Belediyesi taraf\u0131ndan bu y\u0131l 35\u2019incisi d\u00fczenlenecek olan Uluslararas\u0131 K\u00fclt\u00fcr ve Sar\u0131msak Festivali etkinlikleri kapsam\u0131nda Toplu S\u00fcnnet T\u00f6reni de d\u00fczenlenecek.<\/p>\n<p>13 A\u011fustos \u00c7ar\u015famba g\u00fcn\u00fc saat 17.00\u2019de Cumhuriyet Meydan\u0131\u2019nda yap\u0131lacak t\u00f6rene, \u00e7ocuklar ve ailelerin yan\u0131 s\u0131ra \u00e7ok say\u0131da vatanda\u015f\u0131n da kat\u0131lmas\u0131 bekleniyor. Renkli g\u00f6r\u00fcnt\u00fclere sahne olacak programda 75 \u00e7ocuk, erkekli\u011fe ilk ad\u0131m\u0131n\u0131 atacak.<\/p>\n<p>T\u00f6ren, Ta\u015fk\u00f6pr\u00fcl\u00fc hay\u0131rsever i\u015f insan\u0131 Sadi Kaya\u2019n\u0131n destekleriyle bu y\u0131l da anlaml\u0131 bir bulu\u015fmaya d\u00f6n\u00fc\u015f\u00fcyor. Belediye Ba\u015fkan\u0131 H\u00fcseyin Arslan yapt\u0131\u011f\u0131 a\u00e7\u0131klamada, \u201cHay\u0131rsever i\u015f insan\u0131m\u0131z Sadi Kaya\u2019n\u0131n k\u0131ymetli destekleriyle bu y\u0131lda evlatlar\u0131m\u0131z\u0131n s\u00fcnnet t\u00f6renini hep birlikte ger\u00e7ekle\u015ftirece\u011fiz. Kendisine halk\u0131m\u0131z ad\u0131na g\u00f6n\u00fclden te\u015fekk\u00fcr ediyorum. T\u00fcm hem\u015fehrilerimizi, \u00e7ocuklar\u0131m\u0131z\u0131n bu \u00f6zel g\u00fcn\u00fcnde yan\u0131m\u0131zda olmaya davet ediyorum\u201d ifadelerini kulland\u0131.<\/p>\n<p>&nbsp;<\/p>\n<p>Hamza Sefa YILMAZ \/ Belediye Bas\u0131n<\/p>\n<p>&nbsp;<\/p>\n<p>&nbsp;<\/p>\n<p><img decoding=\"async\" class=\"alignnone size-medium wp-image-13900 lazyload\" data-src=\"https:\/\/taskopru.bel.tr\/v1\/wp-content\/uploads\/2025\/08\/1.-gun-1-300x300.png\" alt=\"\" width=\"300\" height=\"300\" data-srcset=\"https:\/\/taskopru.bel.tr\/v1\/wp-content\/uploads\/2025\/08\/1.-gun-1-300x300.png 300w, https:\/\/taskopru.bel.tr\/v1\/wp-content\/uploads\/2025\/08\/1.-gun-1-150x150.png 150w, https:\/\/taskopru.bel.tr\/v1\/wp-content\/uploads\/2025\/08\/1.-gun-1-239x238.png 239w, https:\/\/taskopru.bel.tr\/v1\/wp-content\/uploads\/2025\/08\/1.-gun-1-55x55.png 55w, https:\/\/taskopru.bel.tr\/v1\/wp-content\/uploads\/2025\/08\/1.-gun-1.png 606w\" data-sizes=\"(max-width: 300px) 100vw, 300px\" src=\"data:image\/svg+xml;base64,PHN2ZyB3aWR0aD0iMSIgaGVpZ2h0PSIxIiB4bWxucz0iaHR0cDovL3d3dy53My5vcmcvMjAwMC9zdmciPjwvc3ZnPg==\" style=\"--smush-placeholder-width: 300px; --smush-placeholder-aspect-ratio: 300\/300;\" \/> <img decoding=\"async\" class=\"alignnone size-medium wp-image-13901 lazyload\" data-src=\"https:\/\/taskopru.bel.tr\/v1\/wp-content\/uploads\/2025\/08\/2.-gun-1-300x300.png\" alt=\"\" width=\"300\" height=\"300\" data-srcset=\"https:\/\/taskopru.bel.tr\/v1\/wp-content\/uploads\/2025\/08\/2.-gun-1-300x300.png 300w, https:\/\/taskopru.bel.tr\/v1\/wp-content\/uploads\/2025\/08\/2.-gun-1-150x150.png 150w, https:\/\/taskopru.bel.tr\/v1\/wp-content\/uploads\/2025\/08\/2.-gun-1-320x319.png 320w, https:\/\/taskopru.bel.tr\/v1\/wp-content\/uploads\/2025\/08\/2.-gun-1-239x239.png 239w, https:\/\/taskopru.bel.tr\/v1\/wp-content\/uploads\/2025\/08\/2.-gun-1-55x55.png 55w, https:\/\/taskopru.bel.tr\/v1\/wp-content\/uploads\/2025\/08\/2.-gun-1.png 603w\" data-sizes=\"(max-width: 300px) 100vw, 300px\" src=\"data:image\/svg+xml;base64,PHN2ZyB3aWR0aD0iMSIgaGVpZ2h0PSIxIiB4bWxucz0iaHR0cDovL3d3dy53My5vcmcvMjAwMC9zdmciPjwvc3ZnPg==\" style=\"--smush-placeholder-width: 300px; --smush-placeholder-aspect-ratio: 300\/300;\" \/> <img decoding=\"async\" class=\"alignnone size-medium wp-image-13902 lazyload\" data-src=\"https:\/\/taskopru.bel.tr\/v1\/wp-content\/uploads\/2025\/08\/3.-gun-1-300x300.png\" alt=\"\" width=\"300\" height=\"300\" data-srcset=\"https:\/\/taskopru.bel.tr\/v1\/wp-content\/uploads\/2025\/08\/3.-gun-1-300x300.png 300w, https:\/\/taskopru.bel.tr\/v1\/wp-content\/uploads\/2025\/08\/3.-gun-1-150x150.png 150w, https:\/\/taskopru.bel.tr\/v1\/wp-content\/uploads\/2025\/08\/3.-gun-1-320x319.png 320w, https:\/\/taskopru.bel.tr\/v1\/wp-content\/uploads\/2025\/08\/3.-gun-1-239x239.png 239w, https:\/\/taskopru.bel.tr\/v1\/wp-content\/uploads\/2025\/08\/3.-gun-1-55x55.png 55w, https:\/\/taskopru.bel.tr\/v1\/wp-content\/uploads\/2025\/08\/3.-gun-1.png 604w\" data-sizes=\"(max-width: 300px) 100vw, 300px\" src=\"data:image\/svg+xml;base64,PHN2ZyB3aWR0aD0iMSIgaGVpZ2h0PSIxIiB4bWxucz0iaHR0cDovL3d3dy53My5vcmcvMjAwMC9zdmciPjwvc3ZnPg==\" style=\"--smush-placeholder-width: 300px; --smush-placeholder-aspect-ratio: 300\/300;\" \/> <img decoding=\"async\" class=\"alignnone size-medium wp-image-13903 lazyload\" data-src=\"https:\/\/taskopru.bel.tr\/v1\/wp-content\/uploads\/2025\/08\/4.-gun-1-300x300.png\" alt=\"\" width=\"300\" height=\"300\" data-srcset=\"https:\/\/taskopru.bel.tr\/v1\/wp-content\/uploads\/2025\/08\/4.-gun-1-300x300.png 300w, https:\/\/taskopru.bel.tr\/v1\/wp-content\/uploads\/2025\/08\/4.-gun-1-150x150.png 150w, https:\/\/taskopru.bel.tr\/v1\/wp-content\/uploads\/2025\/08\/4.-gun-1-320x321.png 320w, https:\/\/taskopru.bel.tr\/v1\/wp-content\/uploads\/2025\/08\/4.-gun-1-239x239.png 239w, https:\/\/taskopru.bel.tr\/v1\/wp-content\/uploads\/2025\/08\/4.-gun-1-55x55.png 55w, https:\/\/taskopru.bel.tr\/v1\/wp-content\/uploads\/2025\/08\/4.-gun-1.png 604w\" data-sizes=\"(max-width: 300px) 100vw, 300px\" src=\"data:image\/svg+xml;base64,PHN2ZyB3aWR0aD0iMSIgaGVpZ2h0PSIxIiB4bWxucz0iaHR0cDovL3d3dy53My5vcmcvMjAwMC9zdmciPjwvc3ZnPg==\" style=\"--smush-placeholder-width: 300px; --smush-placeholder-aspect-ratio: 300\/300;\" \/><\/p>\n","protected":false},"excerpt":{"rendered":"<p>Uluslararas\u0131 K\u00fclt\u00fcr ve Sar\u0131msak Festivali\u2019nin Program\u0131 Belli Oldu Ta\u015fk\u00f6pr\u00fc Belediyesi taraf\u0131ndan bu y\u0131l 35.\u2019si d\u00fczenlenecek olan Uluslararas\u0131 K\u00fclt\u00fcr ve Sar\u0131msak Festivali\u2019nin program\u0131 netle\u015fti. D\u00f6rt g\u00fcn boyunca birbirinden renkli etkinliklere ev sahipli\u011fi yapacak festival, 14-17 A\u011fustos tarihleri aras\u0131nda ger\u00e7ekle\u015fecek. Festival co\u015fkusu, 13 A\u011fustos \u00c7ar\u015famba g\u00fcn\u00fc saat 16.30\u2019da Cumhuriyet Meydan\u0131\u2019nda d\u00fczenlenecek toplu s\u00fcnnet t\u00f6reniyle ba\u015flayacak. G\u00fcn \u2013 [&hellip;]<\/p>\n","protected":false},"author":4,"featured_media":13900,"comment_status":"closed","ping_status":"open","sticky":false,"template":"","format":"standard","meta":{"footnotes":""},"categories":[33,35,37],"tags":[],"class_list":{"0":"post-13905","1":"post","2":"type-post","3":"status-publish","4":"format-standard","5":"has-post-thumbnail","7":"category-duyurular","8":"category-etkinlikler","9":"category-guncel-haberler"},"_links":{"self":[{"href":"https:\/\/taskopru.bel.tr\/v1\/wp-json\/wp\/v2\/posts\/13905","targetHints":{"allow":["GET"]}}],"collection":[{"href":"https:\/\/taskopru.bel.tr\/v1\/wp-json\/wp\/v2\/posts"}],"about":[{"href":"https:\/\/taskopru.bel.tr\/v1\/wp-json\/wp\/v2\/types\/post"}],"author":[{"embeddable":true,"href":"https:\/\/taskopru.bel.tr\/v1\/wp-json\/wp\/v2\/users\/4"}],"replies":[{"embeddable":true,"href":"https:\/\/taskopru.bel.tr\/v1\/wp-json\/wp\/v2\/comments?post=13905"}],"version-history":[{"count":1,"href":"https:\/\/taskopru.bel.tr\/v1\/wp-json\/wp\/v2\/posts\/13905\/revisions"}],"predecessor-version":[{"id":13906,"href":"https:\/\/taskopru.bel.tr\/v1\/wp-json\/wp\/v2\/posts\/13905\/revisions\/13906"}],"wp:featuredmedia":[{"embeddable":true,"href":"https:\/\/taskopru.bel.tr\/v1\/wp-json\/wp\/v2\/media\/13900"}],"wp:attachment":[{"href":"https:\/\/taskopru.bel.tr\/v1\/wp-json\/wp\/v2\/media?parent=13905"}],"wp:term":[{"taxonomy":"category","embeddable":true,"href":"https:\/\/taskopru.bel.tr\/v1\/wp-json\/wp\/v2\/categories?post=13905"},{"taxonomy":"post_tag","embeddable":true,"href":"https:\/\/taskopru.bel.tr\/v1\/wp-json\/wp\/v2\/tags?post=13905"}],"curies":[{"name":"wp","href":"https:\/\/api.w.org\/{rel}","templated":true}]}}