{"id":13881,"date":"2025-07-27T12:13:50","date_gmt":"2025-07-27T09:13:50","guid":{"rendered":"https:\/\/taskopru.bel.tr\/v1\/?p=13881"},"modified":"2025-07-26T12:15:04","modified_gmt":"2025-07-26T09:15:04","slug":"karakucak-gencler-turkiye-sampiyonasi-taskoprude-yapilacak","status":"publish","type":"post","link":"https:\/\/taskopru.bel.tr\/v1\/2025\/07\/27\/karakucak-gencler-turkiye-sampiyonasi-taskoprude-yapilacak\/","title":{"rendered":"Karakucak Gen\u00e7ler T\u00fcrkiye \u015eampiyonas\u0131 Ta\u015fk\u00f6pr\u00fc\u2019de Yap\u0131lacak"},"content":{"rendered":"<p>&nbsp;<\/p>\n<p>Karakucak Gen\u00e7ler T\u00fcrkiye \u015eampiyonas\u0131 Ta\u015fk\u00f6pr\u00fc\u2019de Yap\u0131lacak<\/p>\n<p>Ta\u015fk\u00f6pr\u00fc Belediyesi taraf\u0131ndan bu y\u0131l 35\u2019incisi d\u00fczenlenecek Uluslararas\u0131 K\u00fclt\u00fcr ve Sar\u0131msak Festivali kapsam\u0131nda bir ilke imza at\u0131yor. T\u00fcrkiye Geleneksel G\u00fcre\u015fler Federasyonu i\u015f birli\u011fiyle Gen\u00e7ler Karakucak G\u00fcre\u015fi T\u00fcrkiye \u015eampiyonas\u0131, Ta\u015fk\u00f6pr\u00fc\u2019de ilk kez ger\u00e7ekle\u015fecek.<br \/>\n15 A\u011fustos Cuma g\u00fcn\u00fc Ta\u015fk\u00f6pr\u00fc \u015eehir Stadyumu&#8217;nda saat 10.30\u2019da ba\u015flayacak olan \u015fampiyona, birbirinden heyecanl\u0131 kar\u015f\u0131la\u015fmalara sahne olacak. T\u00fcrkiye\u2019nin d\u00f6rt bir yan\u0131ndan yakla\u015f\u0131k 400 sporcunun kat\u0131l\u0131m\u0131yla ger\u00e7ekle\u015fecek m\u00fcsabakalar, festival co\u015fkusuna geleneksel sporun ruhunu da katacak.<br \/>\nTa\u015fk\u00f6pr\u00fc Belediye Ba\u015fkan\u0131 H\u00fcseyin Arslan, etkinli\u011fe dair yapt\u0131\u011f\u0131 a\u00e7\u0131klamada, \u201cFestivalimize bu y\u0131l bir yenilik daha ekliyoruz. T\u00fcrkiye Geleneksel G\u00fcre\u015fler Federasyonu\u2019nun katk\u0131lar\u0131yla T\u00fcrkiye \u015eampiyonas\u0131n\u0131 il\u00e7emizde ger\u00e7ekle\u015ftirmekten b\u00fcy\u00fck gurur duyuyoruz. T\u00fcm g\u00fcre\u015fseverleri ve hem\u015fehrilerimizi bu b\u00fcy\u00fck heyecana ortak olmaya davet ediyorum\u201d ifadelerini kulland\u0131.<\/p>\n<p>Hamza Sefa YILMAZ \/ Belediye Bas\u0131n<\/p>\n<p>&nbsp;<\/p>\n<p>&nbsp;<\/p>\n<p><img decoding=\"async\" class=\"alignnone size-medium wp-image-13882 lazyload\" data-src=\"https:\/\/taskopru.bel.tr\/v1\/wp-content\/uploads\/2025\/07\/Gures-216x300.png\" alt=\"\" width=\"216\" height=\"300\" data-srcset=\"https:\/\/taskopru.bel.tr\/v1\/wp-content\/uploads\/2025\/07\/Gures-216x300.png 216w, https:\/\/taskopru.bel.tr\/v1\/wp-content\/uploads\/2025\/07\/Gures-320x445.png 320w, https:\/\/taskopru.bel.tr\/v1\/wp-content\/uploads\/2025\/07\/Gures-239x332.png 239w, https:\/\/taskopru.bel.tr\/v1\/wp-content\/uploads\/2025\/07\/Gures.png 588w\" data-sizes=\"(max-width: 216px) 100vw, 216px\" src=\"data:image\/svg+xml;base64,PHN2ZyB3aWR0aD0iMSIgaGVpZ2h0PSIxIiB4bWxucz0iaHR0cDovL3d3dy53My5vcmcvMjAwMC9zdmciPjwvc3ZnPg==\" style=\"--smush-placeholder-width: 216px; --smush-placeholder-aspect-ratio: 216\/300;\" \/><\/p>\n","protected":false},"excerpt":{"rendered":"<p>&nbsp; Karakucak Gen\u00e7ler T\u00fcrkiye \u015eampiyonas\u0131 Ta\u015fk\u00f6pr\u00fc\u2019de Yap\u0131lacak Ta\u015fk\u00f6pr\u00fc Belediyesi taraf\u0131ndan bu y\u0131l 35\u2019incisi d\u00fczenlenecek Uluslararas\u0131 K\u00fclt\u00fcr ve Sar\u0131msak Festivali kapsam\u0131nda bir ilke imza at\u0131yor. T\u00fcrkiye Geleneksel G\u00fcre\u015fler Federasyonu i\u015f birli\u011fiyle Gen\u00e7ler Karakucak G\u00fcre\u015fi T\u00fcrkiye \u015eampiyonas\u0131, Ta\u015fk\u00f6pr\u00fc\u2019de ilk kez ger\u00e7ekle\u015fecek. 15 A\u011fustos Cuma g\u00fcn\u00fc Ta\u015fk\u00f6pr\u00fc \u015eehir Stadyumu&#8217;nda saat 10.30\u2019da ba\u015flayacak olan \u015fampiyona, birbirinden heyecanl\u0131 kar\u015f\u0131la\u015fmalara sahne [&hellip;]<\/p>\n","protected":false},"author":4,"featured_media":13882,"comment_status":"closed","ping_status":"open","sticky":false,"template":"","format":"standard","meta":{"footnotes":""},"categories":[33,35,37],"tags":[],"class_list":{"0":"post-13881","1":"post","2":"type-post","3":"status-publish","4":"format-standard","5":"has-post-thumbnail","7":"category-duyurular","8":"category-etkinlikler","9":"category-guncel-haberler"},"_links":{"self":[{"href":"https:\/\/taskopru.bel.tr\/v1\/wp-json\/wp\/v2\/posts\/13881","targetHints":{"allow":["GET"]}}],"collection":[{"href":"https:\/\/taskopru.bel.tr\/v1\/wp-json\/wp\/v2\/posts"}],"about":[{"href":"https:\/\/taskopru.bel.tr\/v1\/wp-json\/wp\/v2\/types\/post"}],"author":[{"embeddable":true,"href":"https:\/\/taskopru.bel.tr\/v1\/wp-json\/wp\/v2\/users\/4"}],"replies":[{"embeddable":true,"href":"https:\/\/taskopru.bel.tr\/v1\/wp-json\/wp\/v2\/comments?post=13881"}],"version-history":[{"count":1,"href":"https:\/\/taskopru.bel.tr\/v1\/wp-json\/wp\/v2\/posts\/13881\/revisions"}],"predecessor-version":[{"id":13883,"href":"https:\/\/taskopru.bel.tr\/v1\/wp-json\/wp\/v2\/posts\/13881\/revisions\/13883"}],"wp:featuredmedia":[{"embeddable":true,"href":"https:\/\/taskopru.bel.tr\/v1\/wp-json\/wp\/v2\/media\/13882"}],"wp:attachment":[{"href":"https:\/\/taskopru.bel.tr\/v1\/wp-json\/wp\/v2\/media?parent=13881"}],"wp:term":[{"taxonomy":"category","embeddable":true,"href":"https:\/\/taskopru.bel.tr\/v1\/wp-json\/wp\/v2\/categories?post=13881"},{"taxonomy":"post_tag","embeddable":true,"href":"https:\/\/taskopru.bel.tr\/v1\/wp-json\/wp\/v2\/tags?post=13881"}],"curies":[{"name":"wp","href":"https:\/\/api.w.org\/{rel}","templated":true}]}}