{"id":12922,"date":"2025-03-03T12:00:34","date_gmt":"2025-03-03T09:00:34","guid":{"rendered":"https:\/\/taskopru.bel.tr\/v1\/?p=12922"},"modified":"2025-03-03T12:00:34","modified_gmt":"2025-03-03T09:00:34","slug":"baskan-arslandan-cocuklara-ramazan-surprizi","status":"publish","type":"post","link":"https:\/\/taskopru.bel.tr\/v1\/2025\/03\/03\/baskan-arslandan-cocuklara-ramazan-surprizi\/","title":{"rendered":"Ba\u015fkan Arslan\u2019dan \u00c7ocuklara Ramazan S\u00fcrprizi"},"content":{"rendered":"<p>Ba\u015fkan Arslan\u2019dan \u00c7ocuklara Ramazan S\u00fcrprizi<\/p>\n<p>M\u00fcbarek Ramazan ay\u0131n\u0131n gelmesiyle birlikte, Belediye Ba\u015fkan\u0131 H\u00fcseyin Arslan, aileler ve \u00e7ocuklar i\u00e7in \u00f6zel bir etkinlik program\u0131 haz\u0131rlad\u0131klar\u0131n\u0131 duyurdu.<br \/>\n7 Mart Cuma g\u00fcn\u00fc saat: 20:00\u2019da A\u00e7\u0131k Hava D\u00fc\u011f\u00fcn Salonu\u2019nda ba\u015flayacak olan Ramazan Etkinlikleri, birbirinden e\u011flenceli g\u00f6sterilerle \u00e7ocuklara unutulmaz anlar ya\u015fatacak. Etkinlikler, 14 Mart, 21 Mart ve 28 Mart Cuma ak\u015famlar\u0131 saat 20.00\u2019de devam edecek.<br \/>\nBa\u015fkan Arslan, \u00e7ocuklar\u0131n Ramazan ay\u0131n\u0131 ne\u015feyle ge\u00e7irmeleri i\u00e7in haz\u0131rlanan program\u0131n b\u00fcy\u00fck bir co\u015fku i\u00e7inde ger\u00e7ekle\u015fece\u011fini belirterek, t\u00fcm \u00e7ocuklar\u0131 ve ailelerini etkinliklere davet etti.<\/p>\n<p>(Belediye Bas\u0131n)<\/p>\n<p>&nbsp;<\/p>\n<p><img decoding=\"async\" class=\"alignnone size-medium wp-image-12923 lazyload\" data-src=\"https:\/\/taskopru.bel.tr\/v1\/wp-content\/uploads\/2025\/03\/WhatsApp-Image-2025-02-28-at-10.36.37-214x300.jpeg\" alt=\"\" width=\"214\" height=\"300\" data-srcset=\"https:\/\/taskopru.bel.tr\/v1\/wp-content\/uploads\/2025\/03\/WhatsApp-Image-2025-02-28-at-10.36.37-214x300.jpeg 214w, https:\/\/taskopru.bel.tr\/v1\/wp-content\/uploads\/2025\/03\/WhatsApp-Image-2025-02-28-at-10.36.37-731x1024.jpeg 731w, https:\/\/taskopru.bel.tr\/v1\/wp-content\/uploads\/2025\/03\/WhatsApp-Image-2025-02-28-at-10.36.37-768x1075.jpeg 768w, https:\/\/taskopru.bel.tr\/v1\/wp-content\/uploads\/2025\/03\/WhatsApp-Image-2025-02-28-at-10.36.37-968x1355.jpeg 968w, https:\/\/taskopru.bel.tr\/v1\/wp-content\/uploads\/2025\/03\/WhatsApp-Image-2025-02-28-at-10.36.37-636x890.jpeg 636w, https:\/\/taskopru.bel.tr\/v1\/wp-content\/uploads\/2025\/03\/WhatsApp-Image-2025-02-28-at-10.36.37-320x448.jpeg 320w, https:\/\/taskopru.bel.tr\/v1\/wp-content\/uploads\/2025\/03\/WhatsApp-Image-2025-02-28-at-10.36.37-239x335.jpeg 239w, https:\/\/taskopru.bel.tr\/v1\/wp-content\/uploads\/2025\/03\/WhatsApp-Image-2025-02-28-at-10.36.37.jpeg 1080w\" data-sizes=\"(max-width: 214px) 100vw, 214px\" src=\"data:image\/svg+xml;base64,PHN2ZyB3aWR0aD0iMSIgaGVpZ2h0PSIxIiB4bWxucz0iaHR0cDovL3d3dy53My5vcmcvMjAwMC9zdmciPjwvc3ZnPg==\" style=\"--smush-placeholder-width: 214px; --smush-placeholder-aspect-ratio: 214\/300;\" \/><\/p>\n","protected":false},"excerpt":{"rendered":"<p>Ba\u015fkan Arslan\u2019dan \u00c7ocuklara Ramazan S\u00fcrprizi M\u00fcbarek Ramazan ay\u0131n\u0131n gelmesiyle birlikte, Belediye Ba\u015fkan\u0131 H\u00fcseyin Arslan, aileler ve \u00e7ocuklar i\u00e7in \u00f6zel bir etkinlik program\u0131 haz\u0131rlad\u0131klar\u0131n\u0131 duyurdu. 7 Mart Cuma g\u00fcn\u00fc saat: 20:00\u2019da A\u00e7\u0131k Hava D\u00fc\u011f\u00fcn Salonu\u2019nda ba\u015flayacak olan Ramazan Etkinlikleri, birbirinden e\u011flenceli g\u00f6sterilerle \u00e7ocuklara unutulmaz anlar ya\u015fatacak. Etkinlikler, 14 Mart, 21 Mart ve 28 Mart Cuma ak\u015famlar\u0131 [&hellip;]<\/p>\n","protected":false},"author":4,"featured_media":12923,"comment_status":"closed","ping_status":"open","sticky":false,"template":"","format":"standard","meta":{"footnotes":""},"categories":[37],"tags":[],"class_list":{"0":"post-12922","1":"post","2":"type-post","3":"status-publish","4":"format-standard","5":"has-post-thumbnail","7":"category-guncel-haberler"},"_links":{"self":[{"href":"https:\/\/taskopru.bel.tr\/v1\/wp-json\/wp\/v2\/posts\/12922","targetHints":{"allow":["GET"]}}],"collection":[{"href":"https:\/\/taskopru.bel.tr\/v1\/wp-json\/wp\/v2\/posts"}],"about":[{"href":"https:\/\/taskopru.bel.tr\/v1\/wp-json\/wp\/v2\/types\/post"}],"author":[{"embeddable":true,"href":"https:\/\/taskopru.bel.tr\/v1\/wp-json\/wp\/v2\/users\/4"}],"replies":[{"embeddable":true,"href":"https:\/\/taskopru.bel.tr\/v1\/wp-json\/wp\/v2\/comments?post=12922"}],"version-history":[{"count":1,"href":"https:\/\/taskopru.bel.tr\/v1\/wp-json\/wp\/v2\/posts\/12922\/revisions"}],"predecessor-version":[{"id":12924,"href":"https:\/\/taskopru.bel.tr\/v1\/wp-json\/wp\/v2\/posts\/12922\/revisions\/12924"}],"wp:featuredmedia":[{"embeddable":true,"href":"https:\/\/taskopru.bel.tr\/v1\/wp-json\/wp\/v2\/media\/12923"}],"wp:attachment":[{"href":"https:\/\/taskopru.bel.tr\/v1\/wp-json\/wp\/v2\/media?parent=12922"}],"wp:term":[{"taxonomy":"category","embeddable":true,"href":"https:\/\/taskopru.bel.tr\/v1\/wp-json\/wp\/v2\/categories?post=12922"},{"taxonomy":"post_tag","embeddable":true,"href":"https:\/\/taskopru.bel.tr\/v1\/wp-json\/wp\/v2\/tags?post=12922"}],"curies":[{"name":"wp","href":"https:\/\/api.w.org\/{rel}","templated":true}]}}