{"id":11228,"date":"2024-08-12T09:38:42","date_gmt":"2024-08-12T06:38:42","guid":{"rendered":"https:\/\/taskopru.bel.tr\/v1\/?p=11228"},"modified":"2024-08-12T15:12:51","modified_gmt":"2024-08-12T12:12:51","slug":"taskopru-belediyesi-toplu-sunnet-torenine-hazir","status":"publish","type":"post","link":"https:\/\/taskopru.bel.tr\/v1\/2024\/08\/12\/taskopru-belediyesi-toplu-sunnet-torenine-hazir\/","title":{"rendered":"Ta\u015fk\u00f6pr\u00fc Belediyesi, Toplu S\u00fcnnet T\u00f6reni\u2019ne Haz\u0131r"},"content":{"rendered":"<p><strong>Ta\u015fk\u00f6pr\u00fc Belediyesi, Toplu S\u00fcnnet T\u00f6reni\u2019ne Haz\u0131r<\/strong><\/p>\n<p><strong>Ta\u015fk\u00f6pr\u00fc\u2019de 86 \u00e7ocuk erkekli\u011fe ilk ad\u0131m\u0131n\u0131 atacak<\/strong><\/p>\n<p>Ta\u015fk\u00f6pr\u00fc Belediyesi, 17 A\u011fustos&#8217;ta d\u00fczenleyece\u011fi toplu s\u00fcnnet t\u00f6reniyle 86 \u00e7ocuk erkekli\u011fe ilk ad\u0131m\u0131n\u0131 atacak.<\/p>\n<p>Beyaz Masa Birimi taraf\u0131ndan kay\u0131tlar\u0131 al\u0131nan \u00e7ocuklar i\u00e7in 17 A\u011fustos Cumartesi g\u00fcn\u00fc Cumhuriyet Meydan\u0131&#8217;nda saat 17:00&#8217;de ba\u015flayacak olan bu anlaml\u0131 etkinlikte, 86 \u00e7ocuk erkekli\u011fe ad\u0131m atacak.<\/p>\n<p>Belediye Ba\u015fkan\u0131 H\u00fcseyin Arslan, t\u00f6rene ili\u015fkin yapt\u0131\u011f\u0131 a\u00e7\u0131klamada, &#8220;Hay\u0131rsever i\u015fadam\u0131m\u0131z\u0131n destekleri ile il\u00e7emizde \u00f6nceki d\u00f6nemimizden itibaren geleneksel hale getirdi\u011fimiz s\u00fcnnet t\u00f6renimizi bu y\u0131lda ger\u00e7ekle\u015ftirecek olman\u0131n mutlulu\u011funu ya\u015f\u0131yoruz. \u00c7ocuklar\u0131m\u0131z\u0131n bu \u00f6zel g\u00fcn\u00fcnde onlar\u0131n mutlulu\u011funa ortak olmak i\u00e7in t\u00fcm hem\u015ferilerimizi aram\u0131zda g\u00f6rmek istiyoruz&#8221; dedi.<\/p>\n<p>Etkinlik kapsam\u0131nda kat\u0131l\u0131mc\u0131lara yemek ikram\u0131n\u0131n yan\u0131 s\u0131ra \u00e7ocuklar\u0131m\u0131za dondurma ikram edilecek ayr\u0131ca G\u00fcney Kore Halk Oyunlar\u0131 g\u00f6sterisi ve Ta\u015fk\u00f6pr\u00fc Halk E\u011fitim Merkezi Halk Oyunlar\u0131 g\u00f6sterisinin yan\u0131 s\u0131ra Grup G\u00fclistan Tasavvuf M\u00fczi\u011fi dinletisi ve Semazen G\u00f6sterisi gibi etkinlikler yer alacak. T\u00f6rene yo\u011fun kat\u0131l\u0131m bekleniyor.<\/p>\n<p><strong>Haber: Hamza Sefa YILMAZ<\/strong><\/p>\n<p>&nbsp;<\/p>\n<p><a href=\"https:\/\/taskopru.bel.tr\/v1\/wp-content\/uploads\/2024\/08\/WhatsApp-Image-2024-08-12-at-09.17.06.jpeg\"><img decoding=\"async\" class=\"aligncenter size-medium wp-image-11229 lazyload\" data-src=\"https:\/\/taskopru.bel.tr\/v1\/wp-content\/uploads\/2024\/08\/WhatsApp-Image-2024-08-12-at-09.17.06-300x200.jpeg\" alt=\"\" width=\"300\" height=\"200\" data-srcset=\"https:\/\/taskopru.bel.tr\/v1\/wp-content\/uploads\/2024\/08\/WhatsApp-Image-2024-08-12-at-09.17.06-300x200.jpeg 300w, https:\/\/taskopru.bel.tr\/v1\/wp-content\/uploads\/2024\/08\/WhatsApp-Image-2024-08-12-at-09.17.06-636x423.jpeg 636w, https:\/\/taskopru.bel.tr\/v1\/wp-content\/uploads\/2024\/08\/WhatsApp-Image-2024-08-12-at-09.17.06-320x213.jpeg 320w, https:\/\/taskopru.bel.tr\/v1\/wp-content\/uploads\/2024\/08\/WhatsApp-Image-2024-08-12-at-09.17.06-239x159.jpeg 239w, https:\/\/taskopru.bel.tr\/v1\/wp-content\/uploads\/2024\/08\/WhatsApp-Image-2024-08-12-at-09.17.06.jpeg 670w\" data-sizes=\"(max-width: 300px) 100vw, 300px\" src=\"data:image\/svg+xml;base64,PHN2ZyB3aWR0aD0iMSIgaGVpZ2h0PSIxIiB4bWxucz0iaHR0cDovL3d3dy53My5vcmcvMjAwMC9zdmciPjwvc3ZnPg==\" style=\"--smush-placeholder-width: 300px; --smush-placeholder-aspect-ratio: 300\/200;\" \/><\/a> <a href=\"https:\/\/taskopru.bel.tr\/v1\/wp-content\/uploads\/2024\/08\/WhatsApp-Image-2024-08-12-at-09.17.06-1.jpeg\"><img decoding=\"async\" class=\"aligncenter size-medium wp-image-11230 lazyload\" data-src=\"https:\/\/taskopru.bel.tr\/v1\/wp-content\/uploads\/2024\/08\/WhatsApp-Image-2024-08-12-at-09.17.06-1-300x300.jpeg\" alt=\"\" width=\"300\" height=\"300\" data-srcset=\"https:\/\/taskopru.bel.tr\/v1\/wp-content\/uploads\/2024\/08\/WhatsApp-Image-2024-08-12-at-09.17.06-1-300x300.jpeg 300w, https:\/\/taskopru.bel.tr\/v1\/wp-content\/uploads\/2024\/08\/WhatsApp-Image-2024-08-12-at-09.17.06-1-1024x1024.jpeg 1024w, https:\/\/taskopru.bel.tr\/v1\/wp-content\/uploads\/2024\/08\/WhatsApp-Image-2024-08-12-at-09.17.06-1-150x150.jpeg 150w, https:\/\/taskopru.bel.tr\/v1\/wp-content\/uploads\/2024\/08\/WhatsApp-Image-2024-08-12-at-09.17.06-1-768x768.jpeg 768w, https:\/\/taskopru.bel.tr\/v1\/wp-content\/uploads\/2024\/08\/WhatsApp-Image-2024-08-12-at-09.17.06-1-1536x1536.jpeg 1536w, https:\/\/taskopru.bel.tr\/v1\/wp-content\/uploads\/2024\/08\/WhatsApp-Image-2024-08-12-at-09.17.06-1-968x967.jpeg 968w, https:\/\/taskopru.bel.tr\/v1\/wp-content\/uploads\/2024\/08\/WhatsApp-Image-2024-08-12-at-09.17.06-1-636x636.jpeg 636w, https:\/\/taskopru.bel.tr\/v1\/wp-content\/uploads\/2024\/08\/WhatsApp-Image-2024-08-12-at-09.17.06-1-320x320.jpeg 320w, https:\/\/taskopru.bel.tr\/v1\/wp-content\/uploads\/2024\/08\/WhatsApp-Image-2024-08-12-at-09.17.06-1-239x239.jpeg 239w, https:\/\/taskopru.bel.tr\/v1\/wp-content\/uploads\/2024\/08\/WhatsApp-Image-2024-08-12-at-09.17.06-1-55x55.jpeg 55w, https:\/\/taskopru.bel.tr\/v1\/wp-content\/uploads\/2024\/08\/WhatsApp-Image-2024-08-12-at-09.17.06-1.jpeg 1600w\" data-sizes=\"(max-width: 300px) 100vw, 300px\" src=\"data:image\/svg+xml;base64,PHN2ZyB3aWR0aD0iMSIgaGVpZ2h0PSIxIiB4bWxucz0iaHR0cDovL3d3dy53My5vcmcvMjAwMC9zdmciPjwvc3ZnPg==\" style=\"--smush-placeholder-width: 300px; --smush-placeholder-aspect-ratio: 300\/300;\" \/><\/a><\/p>\n","protected":false},"excerpt":{"rendered":"<p>Ta\u015fk\u00f6pr\u00fc Belediyesi, Toplu S\u00fcnnet T\u00f6reni\u2019ne Haz\u0131r Ta\u015fk\u00f6pr\u00fc\u2019de 86 \u00e7ocuk erkekli\u011fe ilk ad\u0131m\u0131n\u0131 atacak Ta\u015fk\u00f6pr\u00fc Belediyesi, 17 A\u011fustos&#8217;ta d\u00fczenleyece\u011fi toplu s\u00fcnnet t\u00f6reniyle 86 \u00e7ocuk erkekli\u011fe ilk ad\u0131m\u0131n\u0131 atacak. Beyaz Masa Birimi taraf\u0131ndan kay\u0131tlar\u0131 al\u0131nan \u00e7ocuklar i\u00e7in 17 A\u011fustos Cumartesi g\u00fcn\u00fc Cumhuriyet Meydan\u0131&#8217;nda saat 17:00&#8217;de ba\u015flayacak olan bu anlaml\u0131 etkinlikte, 86 \u00e7ocuk erkekli\u011fe ad\u0131m atacak. Belediye Ba\u015fkan\u0131 [&hellip;]<\/p>\n","protected":false},"author":3,"featured_media":11230,"comment_status":"closed","ping_status":"open","sticky":false,"template":"","format":"standard","meta":{"footnotes":""},"categories":[35,37],"tags":[],"class_list":{"0":"post-11228","1":"post","2":"type-post","3":"status-publish","4":"format-standard","5":"has-post-thumbnail","7":"category-etkinlikler","8":"category-guncel-haberler"},"_links":{"self":[{"href":"https:\/\/taskopru.bel.tr\/v1\/wp-json\/wp\/v2\/posts\/11228","targetHints":{"allow":["GET"]}}],"collection":[{"href":"https:\/\/taskopru.bel.tr\/v1\/wp-json\/wp\/v2\/posts"}],"about":[{"href":"https:\/\/taskopru.bel.tr\/v1\/wp-json\/wp\/v2\/types\/post"}],"author":[{"embeddable":true,"href":"https:\/\/taskopru.bel.tr\/v1\/wp-json\/wp\/v2\/users\/3"}],"replies":[{"embeddable":true,"href":"https:\/\/taskopru.bel.tr\/v1\/wp-json\/wp\/v2\/comments?post=11228"}],"version-history":[{"count":1,"href":"https:\/\/taskopru.bel.tr\/v1\/wp-json\/wp\/v2\/posts\/11228\/revisions"}],"predecessor-version":[{"id":11231,"href":"https:\/\/taskopru.bel.tr\/v1\/wp-json\/wp\/v2\/posts\/11228\/revisions\/11231"}],"wp:featuredmedia":[{"embeddable":true,"href":"https:\/\/taskopru.bel.tr\/v1\/wp-json\/wp\/v2\/media\/11230"}],"wp:attachment":[{"href":"https:\/\/taskopru.bel.tr\/v1\/wp-json\/wp\/v2\/media?parent=11228"}],"wp:term":[{"taxonomy":"category","embeddable":true,"href":"https:\/\/taskopru.bel.tr\/v1\/wp-json\/wp\/v2\/categories?post=11228"},{"taxonomy":"post_tag","embeddable":true,"href":"https:\/\/taskopru.bel.tr\/v1\/wp-json\/wp\/v2\/tags?post=11228"}],"curies":[{"name":"wp","href":"https:\/\/api.w.org\/{rel}","templated":true}]}}