{"id":10764,"date":"2024-07-05T13:50:25","date_gmt":"2024-07-05T10:50:25","guid":{"rendered":"https:\/\/taskopru.bel.tr\/v1\/?p=10764"},"modified":"2024-07-05T13:50:25","modified_gmt":"2024-07-05T10:50:25","slug":"milli-mac-heyecani-taskoprude","status":"publish","type":"post","link":"https:\/\/taskopru.bel.tr\/v1\/2024\/07\/05\/milli-mac-heyecani-taskoprude\/","title":{"rendered":"Milli  Ma\u00e7 Heyecan\u0131 Ta\u015fk\u00f6pr\u00fc&#8217;de"},"content":{"rendered":"<div class=\"xdj266r x11i5rnm xat24cr x1mh8g0r x1vvkbs x126k92a\">\n<div dir=\"auto\"><\/div>\n<div dir=\"auto\"><\/div>\n<div dir=\"auto\"><\/div>\n<div dir=\"auto\"><a href=\"https:\/\/taskopru.bel.tr\/v1\/wp-content\/uploads\/2024\/07\/450073563_879888677500810_6908192181273146235_n.jpg\"><img decoding=\"async\" class=\"aligncenter size-medium wp-image-10765 lazyload\" data-src=\"https:\/\/taskopru.bel.tr\/v1\/wp-content\/uploads\/2024\/07\/450073563_879888677500810_6908192181273146235_n-266x300.jpg\" alt=\"\" width=\"266\" height=\"300\" data-srcset=\"https:\/\/taskopru.bel.tr\/v1\/wp-content\/uploads\/2024\/07\/450073563_879888677500810_6908192181273146235_n-266x300.jpg 266w, https:\/\/taskopru.bel.tr\/v1\/wp-content\/uploads\/2024\/07\/450073563_879888677500810_6908192181273146235_n-908x1024.jpg 908w, https:\/\/taskopru.bel.tr\/v1\/wp-content\/uploads\/2024\/07\/450073563_879888677500810_6908192181273146235_n-768x866.jpg 768w, https:\/\/taskopru.bel.tr\/v1\/wp-content\/uploads\/2024\/07\/450073563_879888677500810_6908192181273146235_n-1362x1536.jpg 1362w, https:\/\/taskopru.bel.tr\/v1\/wp-content\/uploads\/2024\/07\/450073563_879888677500810_6908192181273146235_n-968x1091.jpg 968w, https:\/\/taskopru.bel.tr\/v1\/wp-content\/uploads\/2024\/07\/450073563_879888677500810_6908192181273146235_n-636x717.jpg 636w, https:\/\/taskopru.bel.tr\/v1\/wp-content\/uploads\/2024\/07\/450073563_879888677500810_6908192181273146235_n-320x361.jpg 320w, https:\/\/taskopru.bel.tr\/v1\/wp-content\/uploads\/2024\/07\/450073563_879888677500810_6908192181273146235_n-239x269.jpg 239w, https:\/\/taskopru.bel.tr\/v1\/wp-content\/uploads\/2024\/07\/450073563_879888677500810_6908192181273146235_n.jpg 1419w\" data-sizes=\"(max-width: 266px) 100vw, 266px\" src=\"data:image\/svg+xml;base64,PHN2ZyB3aWR0aD0iMSIgaGVpZ2h0PSIxIiB4bWxucz0iaHR0cDovL3d3dy53My5vcmcvMjAwMC9zdmciPjwvc3ZnPg==\" style=\"--smush-placeholder-width: 266px; --smush-placeholder-aspect-ratio: 266\/300;\" \/><\/a>6 Temmuz (Cumartesi) saat 22.00\u2019da T\u00fcrkiye &#8211; Hollanda aras\u0131nda oynanacak kar\u015f\u0131la\u015fmay\u0131 Ta\u015fk\u00f6pr\u00fc Cumhuriyet Meydan\u0131\u2019nda hep birlikte dev ekranda izliyoruz. T\u00fcm halk\u0131m\u0131z davetlidir.<\/div>\n<\/div>\n<div class=\"x11i5rnm xat24cr x1mh8g0r x1vvkbs xtlvy1s x126k92a\">\n<div dir=\"auto\"><span class=\"html-span xexx8yu x4uap5 x18d9i69 xkhd6sd x1hl2dhg x16tdsg8 x1vvkbs x3nfvp2 x1j61x8r x1fcty0u xdj266r xat24cr xgzva0m xhhsvwb xxymvpz xlup9mm x1kky2od\"><img decoding=\"async\" class=\"xz74otr lazyload\" data-src=\"https:\/\/static.xx.fbcdn.net\/images\/emoji.php\/v9\/t5c\/1\/16\/1f5d3.png\" alt=\"\ud83d\uddd3\ufe0f\" width=\"16\" height=\"16\" src=\"data:image\/svg+xml;base64,PHN2ZyB3aWR0aD0iMSIgaGVpZ2h0PSIxIiB4bWxucz0iaHR0cDovL3d3dy53My5vcmcvMjAwMC9zdmciPjwvc3ZnPg==\" style=\"--smush-placeholder-width: 16px; --smush-placeholder-aspect-ratio: 16\/16;\" \/><\/span>6 Temmuz Cumartesi<\/div>\n<div dir=\"auto\"><span class=\"html-span xexx8yu x4uap5 x18d9i69 xkhd6sd x1hl2dhg x16tdsg8 x1vvkbs x3nfvp2 x1j61x8r x1fcty0u xdj266r xat24cr xgzva0m xhhsvwb xxymvpz xlup9mm x1kky2od\"><img decoding=\"async\" class=\"xz74otr lazyload\" data-src=\"https:\/\/static.xx.fbcdn.net\/images\/emoji.php\/v9\/t34\/1\/16\/23f0.png\" alt=\"\u23f0\" width=\"16\" height=\"16\" src=\"data:image\/svg+xml;base64,PHN2ZyB3aWR0aD0iMSIgaGVpZ2h0PSIxIiB4bWxucz0iaHR0cDovL3d3dy53My5vcmcvMjAwMC9zdmciPjwvc3ZnPg==\" style=\"--smush-placeholder-width: 16px; --smush-placeholder-aspect-ratio: 16\/16;\" \/><\/span> 22.00<\/div>\n<div dir=\"auto\"><span class=\"html-span xexx8yu x4uap5 x18d9i69 xkhd6sd x1hl2dhg x16tdsg8 x1vvkbs x3nfvp2 x1j61x8r x1fcty0u xdj266r xat24cr xgzva0m xhhsvwb xxymvpz xlup9mm x1kky2od\"><img decoding=\"async\" class=\"xz74otr lazyload\" data-src=\"https:\/\/static.xx.fbcdn.net\/images\/emoji.php\/v9\/t2d\/1\/16\/1f4cd.png\" alt=\"\ud83d\udccd\" width=\"16\" height=\"16\" src=\"data:image\/svg+xml;base64,PHN2ZyB3aWR0aD0iMSIgaGVpZ2h0PSIxIiB4bWxucz0iaHR0cDovL3d3dy53My5vcmcvMjAwMC9zdmciPjwvc3ZnPg==\" style=\"--smush-placeholder-width: 16px; --smush-placeholder-aspect-ratio: 16\/16;\" \/><\/span>Ta\u015fk\u00f6pr\u00fc Cumhuriyet Meydan\u0131<\/div>\n<\/div>\n","protected":false},"excerpt":{"rendered":"<p>6 Temmuz (Cumartesi) saat 22.00\u2019da T\u00fcrkiye &#8211; Hollanda aras\u0131nda oynanacak kar\u015f\u0131la\u015fmay\u0131 Ta\u015fk\u00f6pr\u00fc Cumhuriyet Meydan\u0131\u2019nda hep birlikte dev ekranda izliyoruz. T\u00fcm halk\u0131m\u0131z davetlidir. 6 Temmuz Cumartesi 22.00 Ta\u015fk\u00f6pr\u00fc Cumhuriyet Meydan\u0131<\/p>\n","protected":false},"author":3,"featured_media":10765,"comment_status":"closed","ping_status":"open","sticky":false,"template":"","format":"standard","meta":{"footnotes":""},"categories":[33,35,37],"tags":[],"class_list":{"0":"post-10764","1":"post","2":"type-post","3":"status-publish","4":"format-standard","5":"has-post-thumbnail","7":"category-duyurular","8":"category-etkinlikler","9":"category-guncel-haberler"},"_links":{"self":[{"href":"https:\/\/taskopru.bel.tr\/v1\/wp-json\/wp\/v2\/posts\/10764","targetHints":{"allow":["GET"]}}],"collection":[{"href":"https:\/\/taskopru.bel.tr\/v1\/wp-json\/wp\/v2\/posts"}],"about":[{"href":"https:\/\/taskopru.bel.tr\/v1\/wp-json\/wp\/v2\/types\/post"}],"author":[{"embeddable":true,"href":"https:\/\/taskopru.bel.tr\/v1\/wp-json\/wp\/v2\/users\/3"}],"replies":[{"embeddable":true,"href":"https:\/\/taskopru.bel.tr\/v1\/wp-json\/wp\/v2\/comments?post=10764"}],"version-history":[{"count":1,"href":"https:\/\/taskopru.bel.tr\/v1\/wp-json\/wp\/v2\/posts\/10764\/revisions"}],"predecessor-version":[{"id":10766,"href":"https:\/\/taskopru.bel.tr\/v1\/wp-json\/wp\/v2\/posts\/10764\/revisions\/10766"}],"wp:featuredmedia":[{"embeddable":true,"href":"https:\/\/taskopru.bel.tr\/v1\/wp-json\/wp\/v2\/media\/10765"}],"wp:attachment":[{"href":"https:\/\/taskopru.bel.tr\/v1\/wp-json\/wp\/v2\/media?parent=10764"}],"wp:term":[{"taxonomy":"category","embeddable":true,"href":"https:\/\/taskopru.bel.tr\/v1\/wp-json\/wp\/v2\/categories?post=10764"},{"taxonomy":"post_tag","embeddable":true,"href":"https:\/\/taskopru.bel.tr\/v1\/wp-json\/wp\/v2\/tags?post=10764"}],"curies":[{"name":"wp","href":"https:\/\/api.w.org\/{rel}","templated":true}]}}